{"id":100466,"date":"2022-07-16T17:11:25","date_gmt":"2022-07-16T23:11:25","guid":{"rendered":"https:\/\/kuali.com.mx\/web\/?p=100466"},"modified":"2022-07-16T17:11:27","modified_gmt":"2022-07-16T23:11:27","slug":"autoridades-visten-a-infantes-de-soldado-y-policia","status":"publish","type":"post","link":"https:\/\/kuali.com.mx\/web\/2022\/07\/16\/autoridades-visten-a-infantes-de-soldado-y-policia\/","title":{"rendered":"AUTORIDADES VISTEN A INFANTES DE SOLDADO Y POLIC\u00cdA"},"content":{"rendered":"\n<p><strong><em>Carlos Garc\u00eda\/Le\u00f3n, Gto.-<\/em><\/strong>En el estado de Guanajuato la Secretar\u00eda de la Defensa Nacional (Sedena) y la Secretar\u00eda de Seguridad del gobierno panista de Le\u00f3n vistieron a infantes de soldados y polic\u00edas.<\/p>\n\n\n\n<p>La Comandancia de la XII Regi\u00f3n Militar, ubicada en el municipio de Irapuato, invit\u00f3 a la poblaci\u00f3n a que visite, este domingo de 17 de julio, el Campo Militar.<\/p>\n\n\n\n<p>Para promover el \u201cPaseo Dominical\u201d &nbsp;en el Campo Militar, ubicado en el bulevar Solidaridad, fueron difundidas fotos de un ni\u00f1o con casco y un chaleco camuflado con la leyenda: \u201cEj\u00e9rcito M\u00e9xico\u201d.<\/p>\n\n\n\n<figure class=\"wp-block-image size-large\"><img loading=\"lazy\" decoding=\"async\" width=\"682\" height=\"1024\" src=\"https:\/\/kuali.com.mx\/web\/wp-content\/uploads\/2022\/07\/Nino-Soldado-1-682x1024.jpeg\" alt=\"\" class=\"wp-image-100469\" srcset=\"https:\/\/kuali.com.mx\/web\/wp-content\/uploads\/2022\/07\/Nino-Soldado-1-682x1024.jpeg 682w, https:\/\/kuali.com.mx\/web\/wp-content\/uploads\/2022\/07\/Nino-Soldado-1-200x300.jpeg 200w, https:\/\/kuali.com.mx\/web\/wp-content\/uploads\/2022\/07\/Nino-Soldado-1-768x1152.jpeg 768w, https:\/\/kuali.com.mx\/web\/wp-content\/uploads\/2022\/07\/Nino-Soldado-1-77x116.jpeg 77w, https:\/\/kuali.com.mx\/web\/wp-content\/uploads\/2022\/07\/Nino-Soldado-1.jpeg 853w\" sizes=\"auto, (max-width: 682px) 100vw, 682px\" \/><\/figure>\n\n\n\n<p>A trav\u00e9s del gobierno panista de Irapuato, la Sedena anunci\u00f3 que abrir\u00e1 sus instalaciones \u201cpara que ni\u00f1os, ni\u00f1as, j\u00f3venes y adultos, vivan una experiencia \u00fanica durante el Paseo Dominical, que contar\u00e1 con grandes actividades para su disfrute\u201d.<\/p>\n\n\n\n<p>Anunci\u00f3 que tendr\u00e1n una pista de obst\u00e1culos militares para infantes, que montar\u00e1n una exposici\u00f3n canina, de veh\u00edculos militares, que habr\u00e1 interacci\u00f3n con material y equipo militar; as\u00ed como pinta caritas, paseo en bicicleta, patines y caminata con mascotas.<\/p>\n\n\n\n<p>Las actividades iniciar\u00e1n a las 8 horas y terminar\u00e1n a las 13 horas del domingo.<\/p>\n\n\n\n<p>\u201cCon estas acciones, la Secretar\u00eda de la Defensa Nacional busca un mayor acercamiento con la sociedad, adem\u00e1s de fomentar la convivencia familiar y el deporte en compa\u00f1\u00eda de las y los elementos del Ej\u00e9rcito Mexicano y Guardia Nacional\u201d, se\u00f1ala la informaci\u00f3n.<\/p>\n\n\n\n<p>Ni\u00f1a polic\u00eda<\/p>\n\n\n\n<figure class=\"wp-block-image size-full\"><img loading=\"lazy\" decoding=\"async\" width=\"788\" height=\"568\" src=\"https:\/\/kuali.com.mx\/web\/wp-content\/uploads\/2022\/07\/Nina-Policia-1.jpg\" alt=\"\" class=\"wp-image-100468\" srcset=\"https:\/\/kuali.com.mx\/web\/wp-content\/uploads\/2022\/07\/Nina-Policia-1.jpg 788w, https:\/\/kuali.com.mx\/web\/wp-content\/uploads\/2022\/07\/Nina-Policia-1-300x216.jpg 300w, https:\/\/kuali.com.mx\/web\/wp-content\/uploads\/2022\/07\/Nina-Policia-1-768x554.jpg 768w, https:\/\/kuali.com.mx\/web\/wp-content\/uploads\/2022\/07\/Nina-Policia-1-161x116.jpg 161w\" sizes=\"auto, (max-width: 788px) 100vw, 788px\" \/><\/figure>\n\n\n\n<p>En lunes 11 de julio, una ni\u00f1a vestida de polic\u00eda particip\u00f3 en los honores a la bandera, en el pase de lista a las corporaciones de seguridad y en la entrega de reconocimientos a ciudadanos destacados, que encabeza la alcaldesa panista de Le\u00f3n, Alejandra Guti\u00e9rrez Campos.<\/p>\n\n\n\n<p>En su discurso, la presidenta municipal resalt\u00f3 que \u201cel d\u00eda de hoy nos acompa\u00f1a Arleth, es hija de uno de nuestros compa\u00f1eros de Seguridad P\u00fablica, que admira a la corporaci\u00f3n y que ella quiere ser de grande elemento de la corporaci\u00f3n\u201d.<\/p>\n\n\n\n<p>Para el defensor de derechos humanos y de la infancia, Raymundo Sandoval, el vestir a infantes de elementos de seguridad es \u201cun acto pol\u00edtico\u201d.<\/p>\n\n\n\n<p>\u201cAunque no tiene un efecto material directo, para el involucramiento de ni\u00f1os y ni\u00f1as en los cuerpos policiacos, me parece un acto simb\u00f3lico grave, porque da la impresi\u00f3n de que ni\u00f1os y ni\u00f1as pueden participar en los cuerpos policiacos\u201d, se\u00f1al\u00f3 el ex integrante de Centro de Promoci\u00f3n de Derechos Humanos de Ni\u00f1as, Ni\u00f1os y Adolescentes en Guanajuato.<\/p>\n\n\n\n<p>Record\u00f3 que la Comisi\u00f3n Interamericana de los Derechos Humanos (CIDH) se ha manifestado \u201cmuy fuerte\u201d para establecer condiciones para que los infantes est\u00e9n libres de entornos de violencia.<\/p>\n\n\n\n<p>\u201cEn un estado donde hay m\u00e1s de 15 mil homicidios dolosos, donde se lidera a nivel nacional el n\u00famero de polic\u00edas asesinados y donde justo acaban de hacerse publicas unas actividades con polic\u00edas de Pur\u00edsima del Rinc\u00f3n, donde en una apolog\u00eda del delito arman a ni\u00f1os y a ni\u00f1as\u201d, expuso el activista.<\/p>\n\n\n\n<p>El siete de julio, la Direcci\u00f3n de Seguridad P\u00fablica de Pur\u00edsima del Rinc\u00f3n organiz\u00f3 un \u201cRally\u201d de prevenci\u00f3n del delito, en la secundaria Mariano Matamoros, donde prest\u00f3 armas largas y cortas a estudiantes.<\/p>\n\n\n\n<p>El alcalde panista de Pur\u00edsima del Rinc\u00f3n, Roberto Garc\u00eda Urbano, reconoci\u00f3 que fue \u201cuna estrategia incorrecta\u201d implementada por el coordinador de Prevenci\u00f3n del Delito, Hugo Santiago Plascencia, quien fue cesado del cargo.<\/p>\n\n\n\n<p>Guanajuato es uno de los estados con el mayor n\u00famero de homicidios dolosos.<\/p>\n\n\n\n<p>De enero a mayo del 2022, se han perpetrado mil 36 homicidios dolosos, 852 fueron con armas de fuego, report\u00f3 el Sistema Nacional de Seguridad P\u00fablica (SNSP).<\/p>\n\n\n\n<p>En 2021, mataron a 2 mil 823 guanajuatenses \u2013 2 mil 309 fueron con arma de fuego-; en 2020, 3 mil 359 \u2013 2 mil 728 con arma de fuego-; y en 2019, 2 mil 775 \u2013 2 mil 261 con arma de fuego-.<\/p>\n","protected":false},"excerpt":{"rendered":"Carlos Garc\u00eda\/Le\u00f3n, Gto.-En el estado de Guanajuato la Secretar\u00eda de la Defensa Nacional (Sedena) y la Secretar\u00eda de Seguridad del gobierno panista de Le\u00f3n vistieron a infantes de soldados y polic\u00edas. La Comandancia de la XII Regi\u00f3n Militar, ubicada en el municipio de Irapuato, invit\u00f3 a la poblaci\u00f3n a que visite, este domingo de 17 [&hellip;]","protected":false},"author":2,"featured_media":100470,"comment_status":"open","ping_status":"open","sticky":false,"template":"","format":"standard","meta":{"_seopress_robots_primary_cat":"none","_seopress_titles_title":"","_seopress_titles_desc":"","_seopress_robots_index":"","_monsterinsights_skip_tracking":false,"_monsterinsights_sitenote_active":false,"_monsterinsights_sitenote_note":"","_monsterinsights_sitenote_category":0,"footnotes":""},"categories":[14,69],"tags":[],"class_list":["post-100466","post","type-post","status-publish","format-standard","has-post-thumbnail","hentry","category-derechos","category-slider"],"yoast_head":"<!-- This site is optimized with the Yoast SEO plugin v27.4 - https:\/\/yoast.com\/product\/yoast-seo-wordpress\/ -->\n<title>AUTORIDADES VISTEN A INFANTES DE SOLDADO Y POLIC\u00cdA - Kuali<\/title>\n<meta name=\"robots\" content=\"index, follow, max-snippet:-1, max-image-preview:large, max-video-preview:-1\" \/>\n<link rel=\"canonical\" href=\"https:\/\/kuali.com.mx\/web\/2022\/07\/16\/autoridades-visten-a-infantes-de-soldado-y-policia\/\" \/>\n<meta property=\"og:locale\" content=\"es_MX\" \/>\n<meta property=\"og:type\" content=\"article\" \/>\n<meta property=\"og:title\" content=\"AUTORIDADES VISTEN A INFANTES DE SOLDADO Y POLIC\u00cdA - Kuali\" \/>\n<meta property=\"og:description\" content=\"Carlos Garc\u00eda\/Le\u00f3n, Gto.-En el estado de Guanajuato la Secretar\u00eda de la Defensa Nacional (Sedena) y la Secretar\u00eda de Seguridad del gobierno panista de Le\u00f3n vistieron a infantes de soldados y polic\u00edas. La Comandancia de la XII Regi\u00f3n Militar, ubicada en el municipio de Irapuato, invit\u00f3 a la poblaci\u00f3n a que visite, este domingo de 17 [&hellip;]\" \/>\n<meta property=\"og:url\" content=\"https:\/\/kuali.com.mx\/web\/2022\/07\/16\/autoridades-visten-a-infantes-de-soldado-y-policia\/\" \/>\n<meta property=\"og:site_name\" content=\"Kuali\" \/>\n<meta property=\"article:publisher\" content=\"https:\/\/kuali.com.mx\/web\/wp-content\/uploads\/2018\/04\/cropped-kuali_logo-1-1.png\" \/>\n<meta property=\"article:published_time\" content=\"2022-07-16T23:11:25+00:00\" \/>\n<meta property=\"article:modified_time\" content=\"2022-07-16T23:11:27+00:00\" \/>\n<meta property=\"og:image\" content=\"https:\/\/kuali.com.mx\/web\/wp-content\/uploads\/2022\/07\/ninos2.jpg\" \/>\n\t<meta property=\"og:image:width\" content=\"1791\" \/>\n\t<meta property=\"og:image:height\" content=\"750\" \/>\n\t<meta property=\"og:image:type\" content=\"image\/jpeg\" \/>\n<meta name=\"author\" content=\"Kuali Staff\" \/>\n<meta name=\"twitter:card\" content=\"summary_large_image\" \/>\n<meta name=\"twitter:creator\" content=\"@kuali_noticias\" \/>\n<meta name=\"twitter:site\" content=\"@kuali_noticias\" \/>\n<meta name=\"twitter:label1\" content=\"Escrito por\" \/>\n\t<meta name=\"twitter:data1\" content=\"Kuali Staff\" \/>\n\t<meta name=\"twitter:label2\" content=\"Tiempo de lectura\" \/>\n\t<meta name=\"twitter:data2\" content=\"3 minutos\" \/>\n<script type=\"application\/ld+json\" class=\"yoast-schema-graph\">{\"@context\":\"https:\\\/\\\/schema.org\",\"@graph\":[{\"@type\":\"Article\",\"@id\":\"https:\\\/\\\/kuali.com.mx\\\/web\\\/2022\\\/07\\\/16\\\/autoridades-visten-a-infantes-de-soldado-y-policia\\\/#article\",\"isPartOf\":{\"@id\":\"https:\\\/\\\/kuali.com.mx\\\/web\\\/2022\\\/07\\\/16\\\/autoridades-visten-a-infantes-de-soldado-y-policia\\\/\"},\"author\":{\"name\":\"Kuali Staff\",\"@id\":\"https:\\\/\\\/kuali.com.mx\\\/web\\\/#\\\/schema\\\/person\\\/6f89ffa8ecba9dae50662357923c5289\"},\"headline\":\"AUTORIDADES VISTEN A INFANTES DE SOLDADO Y POLIC\u00cdA\",\"datePublished\":\"2022-07-16T23:11:25+00:00\",\"dateModified\":\"2022-07-16T23:11:27+00:00\",\"mainEntityOfPage\":{\"@id\":\"https:\\\/\\\/kuali.com.mx\\\/web\\\/2022\\\/07\\\/16\\\/autoridades-visten-a-infantes-de-soldado-y-policia\\\/\"},\"wordCount\":682,\"commentCount\":0,\"image\":{\"@id\":\"https:\\\/\\\/kuali.com.mx\\\/web\\\/2022\\\/07\\\/16\\\/autoridades-visten-a-infantes-de-soldado-y-policia\\\/#primaryimage\"},\"thumbnailUrl\":\"https:\\\/\\\/kuali.com.mx\\\/web\\\/wp-content\\\/uploads\\\/2022\\\/07\\\/ninos2.jpg\",\"articleSection\":[\"Derechos Humanos\",\"slider\"],\"inLanguage\":\"es\",\"potentialAction\":[{\"@type\":\"CommentAction\",\"name\":\"Comment\",\"target\":[\"https:\\\/\\\/kuali.com.mx\\\/web\\\/2022\\\/07\\\/16\\\/autoridades-visten-a-infantes-de-soldado-y-policia\\\/#respond\"]}]},{\"@type\":\"WebPage\",\"@id\":\"https:\\\/\\\/kuali.com.mx\\\/web\\\/2022\\\/07\\\/16\\\/autoridades-visten-a-infantes-de-soldado-y-policia\\\/\",\"url\":\"https:\\\/\\\/kuali.com.mx\\\/web\\\/2022\\\/07\\\/16\\\/autoridades-visten-a-infantes-de-soldado-y-policia\\\/\",\"name\":\"AUTORIDADES VISTEN A INFANTES DE SOLDADO Y POLIC\u00cdA - Kuali\",\"isPartOf\":{\"@id\":\"https:\\\/\\\/kuali.com.mx\\\/web\\\/#website\"},\"primaryImageOfPage\":{\"@id\":\"https:\\\/\\\/kuali.com.mx\\\/web\\\/2022\\\/07\\\/16\\\/autoridades-visten-a-infantes-de-soldado-y-policia\\\/#primaryimage\"},\"image\":{\"@id\":\"https:\\\/\\\/kuali.com.mx\\\/web\\\/2022\\\/07\\\/16\\\/autoridades-visten-a-infantes-de-soldado-y-policia\\\/#primaryimage\"},\"thumbnailUrl\":\"https:\\\/\\\/kuali.com.mx\\\/web\\\/wp-content\\\/uploads\\\/2022\\\/07\\\/ninos2.jpg\",\"datePublished\":\"2022-07-16T23:11:25+00:00\",\"dateModified\":\"2022-07-16T23:11:27+00:00\",\"author\":{\"@id\":\"https:\\\/\\\/kuali.com.mx\\\/web\\\/#\\\/schema\\\/person\\\/6f89ffa8ecba9dae50662357923c5289\"},\"breadcrumb\":{\"@id\":\"https:\\\/\\\/kuali.com.mx\\\/web\\\/2022\\\/07\\\/16\\\/autoridades-visten-a-infantes-de-soldado-y-policia\\\/#breadcrumb\"},\"inLanguage\":\"es\",\"potentialAction\":[{\"@type\":\"ReadAction\",\"target\":[\"https:\\\/\\\/kuali.com.mx\\\/web\\\/2022\\\/07\\\/16\\\/autoridades-visten-a-infantes-de-soldado-y-policia\\\/\"]}]},{\"@type\":\"ImageObject\",\"inLanguage\":\"es\",\"@id\":\"https:\\\/\\\/kuali.com.mx\\\/web\\\/2022\\\/07\\\/16\\\/autoridades-visten-a-infantes-de-soldado-y-policia\\\/#primaryimage\",\"url\":\"https:\\\/\\\/kuali.com.mx\\\/web\\\/wp-content\\\/uploads\\\/2022\\\/07\\\/ninos2.jpg\",\"contentUrl\":\"https:\\\/\\\/kuali.com.mx\\\/web\\\/wp-content\\\/uploads\\\/2022\\\/07\\\/ninos2.jpg\",\"width\":1791,\"height\":750},{\"@type\":\"BreadcrumbList\",\"@id\":\"https:\\\/\\\/kuali.com.mx\\\/web\\\/2022\\\/07\\\/16\\\/autoridades-visten-a-infantes-de-soldado-y-policia\\\/#breadcrumb\",\"itemListElement\":[{\"@type\":\"ListItem\",\"position\":1,\"name\":\"Inicio\",\"item\":\"https:\\\/\\\/kuali.com.mx\\\/web\\\/\"},{\"@type\":\"ListItem\",\"position\":2,\"name\":\"AUTORIDADES VISTEN A INFANTES DE SOLDADO Y POLIC\u00cdA\"}]},{\"@type\":\"WebSite\",\"@id\":\"https:\\\/\\\/kuali.com.mx\\\/web\\\/#website\",\"url\":\"https:\\\/\\\/kuali.com.mx\\\/web\\\/\",\"name\":\"Kuali\",\"description\":\"\",\"potentialAction\":[{\"@type\":\"SearchAction\",\"target\":{\"@type\":\"EntryPoint\",\"urlTemplate\":\"https:\\\/\\\/kuali.com.mx\\\/web\\\/?s={search_term_string}\"},\"query-input\":{\"@type\":\"PropertyValueSpecification\",\"valueRequired\":true,\"valueName\":\"search_term_string\"}}],\"inLanguage\":\"es\"},{\"@type\":\"Person\",\"@id\":\"https:\\\/\\\/kuali.com.mx\\\/web\\\/#\\\/schema\\\/person\\\/6f89ffa8ecba9dae50662357923c5289\",\"name\":\"Kuali Staff\",\"image\":{\"@type\":\"ImageObject\",\"inLanguage\":\"es\",\"@id\":\"https:\\\/\\\/secure.gravatar.com\\\/avatar\\\/f917ad82e5ab71227a733c78b6e60715476f69ee6be59feee4eb5d9920c89e0f?s=96&d=mm&r=g\",\"url\":\"https:\\\/\\\/secure.gravatar.com\\\/avatar\\\/f917ad82e5ab71227a733c78b6e60715476f69ee6be59feee4eb5d9920c89e0f?s=96&d=mm&r=g\",\"contentUrl\":\"https:\\\/\\\/secure.gravatar.com\\\/avatar\\\/f917ad82e5ab71227a733c78b6e60715476f69ee6be59feee4eb5d9920c89e0f?s=96&d=mm&r=g\",\"caption\":\"Kuali Staff\"},\"url\":\"https:\\\/\\\/kuali.com.mx\\\/web\\\/author\\\/lagarto\\\/\"}]}<\/script>\n<!-- \/ Yoast SEO plugin. -->","yoast_head_json":{"title":"AUTORIDADES VISTEN A INFANTES DE SOLDADO Y POLIC\u00cdA - Kuali","robots":{"index":"index","follow":"follow","max-snippet":"max-snippet:-1","max-image-preview":"max-image-preview:large","max-video-preview":"max-video-preview:-1"},"canonical":"https:\/\/kuali.com.mx\/web\/2022\/07\/16\/autoridades-visten-a-infantes-de-soldado-y-policia\/","og_locale":"es_MX","og_type":"article","og_title":"AUTORIDADES VISTEN A INFANTES DE SOLDADO Y POLIC\u00cdA - Kuali","og_description":"Carlos Garc\u00eda\/Le\u00f3n, Gto.-En el estado de Guanajuato la Secretar\u00eda de la Defensa Nacional (Sedena) y la Secretar\u00eda de Seguridad del gobierno panista de Le\u00f3n vistieron a infantes de soldados y polic\u00edas. La Comandancia de la XII Regi\u00f3n Militar, ubicada en el municipio de Irapuato, invit\u00f3 a la poblaci\u00f3n a que visite, este domingo de 17 [&hellip;]","og_url":"https:\/\/kuali.com.mx\/web\/2022\/07\/16\/autoridades-visten-a-infantes-de-soldado-y-policia\/","og_site_name":"Kuali","article_publisher":"https:\/\/kuali.com.mx\/web\/wp-content\/uploads\/2018\/04\/cropped-kuali_logo-1-1.png","article_published_time":"2022-07-16T23:11:25+00:00","article_modified_time":"2022-07-16T23:11:27+00:00","og_image":[{"width":1791,"height":750,"url":"https:\/\/kuali.com.mx\/web\/wp-content\/uploads\/2022\/07\/ninos2.jpg","type":"image\/jpeg"}],"author":"Kuali Staff","twitter_card":"summary_large_image","twitter_creator":"@kuali_noticias","twitter_site":"@kuali_noticias","twitter_misc":{"Escrito por":"Kuali Staff","Tiempo de lectura":"3 minutos"},"schema":{"@context":"https:\/\/schema.org","@graph":[{"@type":"Article","@id":"https:\/\/kuali.com.mx\/web\/2022\/07\/16\/autoridades-visten-a-infantes-de-soldado-y-policia\/#article","isPartOf":{"@id":"https:\/\/kuali.com.mx\/web\/2022\/07\/16\/autoridades-visten-a-infantes-de-soldado-y-policia\/"},"author":{"name":"Kuali Staff","@id":"https:\/\/kuali.com.mx\/web\/#\/schema\/person\/6f89ffa8ecba9dae50662357923c5289"},"headline":"AUTORIDADES VISTEN A INFANTES DE SOLDADO Y POLIC\u00cdA","datePublished":"2022-07-16T23:11:25+00:00","dateModified":"2022-07-16T23:11:27+00:00","mainEntityOfPage":{"@id":"https:\/\/kuali.com.mx\/web\/2022\/07\/16\/autoridades-visten-a-infantes-de-soldado-y-policia\/"},"wordCount":682,"commentCount":0,"image":{"@id":"https:\/\/kuali.com.mx\/web\/2022\/07\/16\/autoridades-visten-a-infantes-de-soldado-y-policia\/#primaryimage"},"thumbnailUrl":"https:\/\/kuali.com.mx\/web\/wp-content\/uploads\/2022\/07\/ninos2.jpg","articleSection":["Derechos Humanos","slider"],"inLanguage":"es","potentialAction":[{"@type":"CommentAction","name":"Comment","target":["https:\/\/kuali.com.mx\/web\/2022\/07\/16\/autoridades-visten-a-infantes-de-soldado-y-policia\/#respond"]}]},{"@type":"WebPage","@id":"https:\/\/kuali.com.mx\/web\/2022\/07\/16\/autoridades-visten-a-infantes-de-soldado-y-policia\/","url":"https:\/\/kuali.com.mx\/web\/2022\/07\/16\/autoridades-visten-a-infantes-de-soldado-y-policia\/","name":"AUTORIDADES VISTEN A INFANTES DE SOLDADO Y POLIC\u00cdA - Kuali","isPartOf":{"@id":"https:\/\/kuali.com.mx\/web\/#website"},"primaryImageOfPage":{"@id":"https:\/\/kuali.com.mx\/web\/2022\/07\/16\/autoridades-visten-a-infantes-de-soldado-y-policia\/#primaryimage"},"image":{"@id":"https:\/\/kuali.com.mx\/web\/2022\/07\/16\/autoridades-visten-a-infantes-de-soldado-y-policia\/#primaryimage"},"thumbnailUrl":"https:\/\/kuali.com.mx\/web\/wp-content\/uploads\/2022\/07\/ninos2.jpg","datePublished":"2022-07-16T23:11:25+00:00","dateModified":"2022-07-16T23:11:27+00:00","author":{"@id":"https:\/\/kuali.com.mx\/web\/#\/schema\/person\/6f89ffa8ecba9dae50662357923c5289"},"breadcrumb":{"@id":"https:\/\/kuali.com.mx\/web\/2022\/07\/16\/autoridades-visten-a-infantes-de-soldado-y-policia\/#breadcrumb"},"inLanguage":"es","potentialAction":[{"@type":"ReadAction","target":["https:\/\/kuali.com.mx\/web\/2022\/07\/16\/autoridades-visten-a-infantes-de-soldado-y-policia\/"]}]},{"@type":"ImageObject","inLanguage":"es","@id":"https:\/\/kuali.com.mx\/web\/2022\/07\/16\/autoridades-visten-a-infantes-de-soldado-y-policia\/#primaryimage","url":"https:\/\/kuali.com.mx\/web\/wp-content\/uploads\/2022\/07\/ninos2.jpg","contentUrl":"https:\/\/kuali.com.mx\/web\/wp-content\/uploads\/2022\/07\/ninos2.jpg","width":1791,"height":750},{"@type":"BreadcrumbList","@id":"https:\/\/kuali.com.mx\/web\/2022\/07\/16\/autoridades-visten-a-infantes-de-soldado-y-policia\/#breadcrumb","itemListElement":[{"@type":"ListItem","position":1,"name":"Inicio","item":"https:\/\/kuali.com.mx\/web\/"},{"@type":"ListItem","position":2,"name":"AUTORIDADES VISTEN A INFANTES DE SOLDADO Y POLIC\u00cdA"}]},{"@type":"WebSite","@id":"https:\/\/kuali.com.mx\/web\/#website","url":"https:\/\/kuali.com.mx\/web\/","name":"Kuali","description":"","potentialAction":[{"@type":"SearchAction","target":{"@type":"EntryPoint","urlTemplate":"https:\/\/kuali.com.mx\/web\/?s={search_term_string}"},"query-input":{"@type":"PropertyValueSpecification","valueRequired":true,"valueName":"search_term_string"}}],"inLanguage":"es"},{"@type":"Person","@id":"https:\/\/kuali.com.mx\/web\/#\/schema\/person\/6f89ffa8ecba9dae50662357923c5289","name":"Kuali Staff","image":{"@type":"ImageObject","inLanguage":"es","@id":"https:\/\/secure.gravatar.com\/avatar\/f917ad82e5ab71227a733c78b6e60715476f69ee6be59feee4eb5d9920c89e0f?s=96&d=mm&r=g","url":"https:\/\/secure.gravatar.com\/avatar\/f917ad82e5ab71227a733c78b6e60715476f69ee6be59feee4eb5d9920c89e0f?s=96&d=mm&r=g","contentUrl":"https:\/\/secure.gravatar.com\/avatar\/f917ad82e5ab71227a733c78b6e60715476f69ee6be59feee4eb5d9920c89e0f?s=96&d=mm&r=g","caption":"Kuali Staff"},"url":"https:\/\/kuali.com.mx\/web\/author\/lagarto\/"}]}},"_links":{"self":[{"href":"https:\/\/kuali.com.mx\/web\/wp-json\/wp\/v2\/posts\/100466","targetHints":{"allow":["GET"]}}],"collection":[{"href":"https:\/\/kuali.com.mx\/web\/wp-json\/wp\/v2\/posts"}],"about":[{"href":"https:\/\/kuali.com.mx\/web\/wp-json\/wp\/v2\/types\/post"}],"author":[{"embeddable":true,"href":"https:\/\/kuali.com.mx\/web\/wp-json\/wp\/v2\/users\/2"}],"replies":[{"embeddable":true,"href":"https:\/\/kuali.com.mx\/web\/wp-json\/wp\/v2\/comments?post=100466"}],"version-history":[{"count":1,"href":"https:\/\/kuali.com.mx\/web\/wp-json\/wp\/v2\/posts\/100466\/revisions"}],"predecessor-version":[{"id":100471,"href":"https:\/\/kuali.com.mx\/web\/wp-json\/wp\/v2\/posts\/100466\/revisions\/100471"}],"wp:featuredmedia":[{"embeddable":true,"href":"https:\/\/kuali.com.mx\/web\/wp-json\/wp\/v2\/media\/100470"}],"wp:attachment":[{"href":"https:\/\/kuali.com.mx\/web\/wp-json\/wp\/v2\/media?parent=100466"}],"wp:term":[{"taxonomy":"category","embeddable":true,"href":"https:\/\/kuali.com.mx\/web\/wp-json\/wp\/v2\/categories?post=100466"},{"taxonomy":"post_tag","embeddable":true,"href":"https:\/\/kuali.com.mx\/web\/wp-json\/wp\/v2\/tags?post=100466"}],"curies":[{"name":"wp","href":"https:\/\/api.w.org\/{rel}","templated":true}]}}