{"id":100382,"date":"2022-07-14T12:22:00","date_gmt":"2022-07-14T18:22:00","guid":{"rendered":"https:\/\/kuali.com.mx\/web\/?p=100382"},"modified":"2022-07-15T06:25:45","modified_gmt":"2022-07-15T12:25:45","slug":"analizan-ley-que-protege-a-los-infantes-de-guanajuato","status":"publish","type":"post","link":"https:\/\/kuali.com.mx\/web\/2022\/07\/14\/analizan-ley-que-protege-a-los-infantes-de-guanajuato\/","title":{"rendered":"ANALIZAN LEY QUE PROTEGE A LOS INFANTES DE GUANAJUATO"},"content":{"rendered":"\n<p><strong><em>Kuali\/Guanajuato, Gto.-<\/em><\/strong>El Gobernador de Guanajuato, Diego Sinhue Rodr\u00edguez Vallejo, inaugur\u00f3 la Segunda Conferencia Regional de Procuradoras y Procuradores de Protecci\u00f3n a Ni\u00f1as, Ni\u00f1os y Adolescentes de la Zona Occidente y se firmaron convenios a favor de los derechos de este sector de la poblaci\u00f3n.<\/p>\n\n\n\n<p>El objetivo de este evento es exponer la normativa aplicable vigente en el estado de Guanajuato en materia de Protecci\u00f3n de Derechos de Ni\u00f1as, Ni\u00f1os y Adolescentes (NNA), as\u00ed como generar acuerdos de colaboraci\u00f3n interestatal.<\/p>\n\n\n\n<p>\u201cEntend\u00ed la necesidad imperiosa de restituir los derechos de los ni\u00f1os violentados, necesit\u00e1bamos una procuradur\u00eda aut\u00f3noma para restituir los derechos de las ni\u00f1as, ni\u00f1os y adolescentes; hoy podemos ver una Procuradur\u00eda efectiva y eficiente. Falta mucho m\u00e1s por hacer pero el modelo va en funci\u00f3n\u201d, dijo el Gobernador.<\/p>\n\n\n\n<p>Y agradeci\u00f3 el \u00edmpetu de su esposa, Adriana Ram\u00edrez Lozano, Presidenta del Consejo Consultivo del Sistema DIF Estatal, por su tenacidad para lograr este proyecto interinstitucional que enaltece la integridad de las NNA de Guanajuato.<\/p>\n\n\n\n<p>Reconoci\u00f3 el avance logrado con la institucionalidad de la defensa de este grupo vulnerable; dijo que los resultados ya son muy notables a nivel nacional, pero a\u00fan hay mucho por hacer.<\/p>\n\n\n\n<p>\u201cA Guanajuato le va bien, porque siempre hemos cre\u00eddo que vamos bien, pero podemos ir mejor, porque siempre reconocemos nuestros logros, pero no nos quedamos ah\u00ed y podemos seguir siendo mejores\u201d, dijo el Gobernador.<\/p>\n\n\n\n<p>Pidi\u00f3 a las y los presidentes municipales que tomen importancia al tema para que todos est\u00e9n a la altura de lo que pasa en el Estado en la salvaguarda de las ni\u00f1as, ni\u00f1os y adolescentes.<\/p>\n\n\n\n<p>\u201cEs importante que entiendan el tema, pues es un tema donde se transforman instituciones, es un nuevo modelo que va a durar mucho\u201d, dijo.<\/p>\n\n\n\n<p>Este patr\u00f3n social, agreg\u00f3, restituye los derechos de las NNA para no ser violentados y salvaguardar su integridad con pol\u00edticas p\u00fablicas para tener un estado mejor para ellos.<\/p>\n\n\n\n<p><strong>2\u00aa. Conferencia Zona Occidente<\/strong><\/p>\n\n\n\n<p>La ciudad de Guanajuato es sede de esta Segunda Conferencia Regional de Procuradoras y Procuradores de Protecci\u00f3n a Ni\u00f1as, Ni\u00f1os y Adolescentes de la Zona Occidente, en la que participan los estados de Aguascalientes, Colima, Guanajuato, Jalisco, Michoac\u00e1n, Nayarit, Zacatecas, San Luis Potos\u00ed.<\/p>\n\n\n\n<p>Participan tambi\u00e9n Sonora y Quer\u00e9taro como Invitados especiales, y Mar\u00eda Teresa Palomino Ramos, Procuradora de la Protecci\u00f3n de las Ni\u00f1as, Ni\u00f1os y Adolescentes del Estado de Guanajuato, como anfitriona.<\/p>\n\n\n\n<p>En el marco del evento se firmaron dos convenios de colaboraci\u00f3n interinstitucional Alianza GUIA (Guanajuato Unido por la Infancia y la Adolescencia).<\/p>\n\n\n\n<p>El primero fue entre la Procuradur\u00eda Estatal de Protecci\u00f3n de Ni\u00f1as, Ni\u00f1os y Adolescentes (PEPNNA) del Estado de Guanajuato y la Direcci\u00f3n General de la Defensor\u00eda P\u00fablica de la Secretar\u00eda de Gobierno.<\/p>\n\n\n\n<p>Este documento qued\u00f3 signado por la Secretaria de Gobierno, Libia Dennise Garc\u00eda Mu\u00f1oz Ledo y la Procuradora de la Protecci\u00f3n de las Ni\u00f1as, Ni\u00f1os y Adolescentes del Estado de Guanajuato, Mar\u00eda Teresa Palomino Ramos.<\/p>\n\n\n\n<p>Este convenio establece las bases para la coordinaci\u00f3n interinstitucional para la atenci\u00f3n integral de adolescentes en conflicto con la ley; el apoyo a la representaci\u00f3n gratuita en materia civil para la promoci\u00f3n de demandas de p\u00e9rdida de patria potestad; la interacci\u00f3n entre ambas instituciones para capacitaci\u00f3n; y el apoyo para la emisi\u00f3n de opiniones t\u00e9cnicas.<\/p>\n\n\n\n<p>El acuerdo acelera procesos judiciales y la pronta restituci\u00f3n de los derechos que les hayan vulnerado a las NNA.<\/p>\n\n\n\n<p>En el segundo convenio participaron la Fundaci\u00f3n COMUTIA A.C. para establecer responsabilidades de las partes y el procedimiento a seguir para la instalaci\u00f3n, desarrollo, fortalecimiento, seguimiento y evaluaci\u00f3n de programas de preparaci\u00f3n y acompa\u00f1amiento de NNA sin cuidados parentales o familiares a la vida aut\u00f3noma por parte de la asociaci\u00f3n civil, para contribuir a su cuidado y protecci\u00f3n.<\/p>\n\n\n\n<p>Este convenio lo firm\u00f3 el Director General del Sistema DIF Guanajuato, Gerardo Trujillo Flores y M\u00f3nica Lomel\u00ed, como representante de COMUTIA.<\/p>\n\n\n\n<p>En ambos acuerdos firmaron el Gobernador, Diego Sinhue Rodr\u00edguez Vallejo, y su esposa, Adriana Ram\u00edrez Lozano, Presidenta del Sistema DIF Estatal, como Testigos de Honor.<\/p>\n","protected":false},"excerpt":{"rendered":"Kuali\/Guanajuato, Gto.-El Gobernador de Guanajuato, Diego Sinhue Rodr\u00edguez Vallejo, inaugur\u00f3 la Segunda Conferencia Regional de Procuradoras y Procuradores de Protecci\u00f3n a Ni\u00f1as, Ni\u00f1os y Adolescentes de la Zona Occidente y se firmaron convenios a favor de los derechos de este sector de la poblaci\u00f3n. El objetivo de este evento es exponer la normativa aplicable vigente [&hellip;]","protected":false},"author":2,"featured_media":51402,"comment_status":"open","ping_status":"open","sticky":false,"template":"","format":"standard","meta":{"_seopress_robots_primary_cat":"none","_seopress_titles_title":"","_seopress_titles_desc":"","_seopress_robots_index":"","_monsterinsights_skip_tracking":false,"_monsterinsights_sitenote_active":false,"_monsterinsights_sitenote_note":"","_monsterinsights_sitenote_category":0,"footnotes":""},"categories":[14],"tags":[],"class_list":["post-100382","post","type-post","status-publish","format-standard","has-post-thumbnail","hentry","category-derechos"],"yoast_head":"<!-- This site is optimized with the Yoast SEO plugin v27.4 - https:\/\/yoast.com\/product\/yoast-seo-wordpress\/ -->\n<title>ANALIZAN LEY QUE PROTEGE A LOS INFANTES DE GUANAJUATO - Kuali<\/title>\n<meta name=\"robots\" content=\"index, follow, max-snippet:-1, max-image-preview:large, max-video-preview:-1\" \/>\n<link rel=\"canonical\" href=\"https:\/\/kuali.com.mx\/web\/2022\/07\/14\/analizan-ley-que-protege-a-los-infantes-de-guanajuato\/\" \/>\n<meta property=\"og:locale\" content=\"es_MX\" \/>\n<meta property=\"og:type\" content=\"article\" \/>\n<meta property=\"og:title\" content=\"ANALIZAN LEY QUE PROTEGE A LOS INFANTES DE GUANAJUATO - Kuali\" \/>\n<meta property=\"og:description\" content=\"Kuali\/Guanajuato, Gto.-El Gobernador de Guanajuato, Diego Sinhue Rodr\u00edguez Vallejo, inaugur\u00f3 la Segunda Conferencia Regional de Procuradoras y Procuradores de Protecci\u00f3n a Ni\u00f1as, Ni\u00f1os y Adolescentes de la Zona Occidente y se firmaron convenios a favor de los derechos de este sector de la poblaci\u00f3n. El objetivo de este evento es exponer la normativa aplicable vigente [&hellip;]\" \/>\n<meta property=\"og:url\" content=\"https:\/\/kuali.com.mx\/web\/2022\/07\/14\/analizan-ley-que-protege-a-los-infantes-de-guanajuato\/\" \/>\n<meta property=\"og:site_name\" content=\"Kuali\" \/>\n<meta property=\"article:publisher\" content=\"https:\/\/kuali.com.mx\/web\/wp-content\/uploads\/2018\/04\/cropped-kuali_logo-1-1.png\" \/>\n<meta property=\"article:published_time\" content=\"2022-07-14T18:22:00+00:00\" \/>\n<meta property=\"article:modified_time\" content=\"2022-07-15T12:25:45+00:00\" \/>\n<meta property=\"og:image\" content=\"https:\/\/kuali.com.mx\/web\/wp-content\/uploads\/2019\/02\/Infantes-adolescentes.jpg\" \/>\n\t<meta property=\"og:image:width\" content=\"1777\" \/>\n\t<meta property=\"og:image:height\" content=\"750\" \/>\n\t<meta property=\"og:image:type\" content=\"image\/jpeg\" \/>\n<meta name=\"author\" content=\"Kuali Staff\" \/>\n<meta name=\"twitter:card\" content=\"summary_large_image\" \/>\n<meta name=\"twitter:creator\" content=\"@kuali_noticias\" \/>\n<meta name=\"twitter:site\" content=\"@kuali_noticias\" \/>\n<meta name=\"twitter:label1\" content=\"Escrito por\" \/>\n\t<meta name=\"twitter:data1\" content=\"Kuali Staff\" \/>\n\t<meta name=\"twitter:label2\" content=\"Tiempo de lectura\" \/>\n\t<meta name=\"twitter:data2\" content=\"4 minutos\" \/>\n<script type=\"application\/ld+json\" class=\"yoast-schema-graph\">{\"@context\":\"https:\\\/\\\/schema.org\",\"@graph\":[{\"@type\":\"Article\",\"@id\":\"https:\\\/\\\/kuali.com.mx\\\/web\\\/2022\\\/07\\\/14\\\/analizan-ley-que-protege-a-los-infantes-de-guanajuato\\\/#article\",\"isPartOf\":{\"@id\":\"https:\\\/\\\/kuali.com.mx\\\/web\\\/2022\\\/07\\\/14\\\/analizan-ley-que-protege-a-los-infantes-de-guanajuato\\\/\"},\"author\":{\"name\":\"Kuali Staff\",\"@id\":\"https:\\\/\\\/kuali.com.mx\\\/web\\\/#\\\/schema\\\/person\\\/6f89ffa8ecba9dae50662357923c5289\"},\"headline\":\"ANALIZAN LEY QUE PROTEGE A LOS INFANTES DE GUANAJUATO\",\"datePublished\":\"2022-07-14T18:22:00+00:00\",\"dateModified\":\"2022-07-15T12:25:45+00:00\",\"mainEntityOfPage\":{\"@id\":\"https:\\\/\\\/kuali.com.mx\\\/web\\\/2022\\\/07\\\/14\\\/analizan-ley-que-protege-a-los-infantes-de-guanajuato\\\/\"},\"wordCount\":741,\"commentCount\":0,\"image\":{\"@id\":\"https:\\\/\\\/kuali.com.mx\\\/web\\\/2022\\\/07\\\/14\\\/analizan-ley-que-protege-a-los-infantes-de-guanajuato\\\/#primaryimage\"},\"thumbnailUrl\":\"https:\\\/\\\/kuali.com.mx\\\/web\\\/wp-content\\\/uploads\\\/2019\\\/02\\\/Infantes-adolescentes.jpg\",\"articleSection\":[\"Derechos Humanos\"],\"inLanguage\":\"es\",\"potentialAction\":[{\"@type\":\"CommentAction\",\"name\":\"Comment\",\"target\":[\"https:\\\/\\\/kuali.com.mx\\\/web\\\/2022\\\/07\\\/14\\\/analizan-ley-que-protege-a-los-infantes-de-guanajuato\\\/#respond\"]}]},{\"@type\":\"WebPage\",\"@id\":\"https:\\\/\\\/kuali.com.mx\\\/web\\\/2022\\\/07\\\/14\\\/analizan-ley-que-protege-a-los-infantes-de-guanajuato\\\/\",\"url\":\"https:\\\/\\\/kuali.com.mx\\\/web\\\/2022\\\/07\\\/14\\\/analizan-ley-que-protege-a-los-infantes-de-guanajuato\\\/\",\"name\":\"ANALIZAN LEY QUE PROTEGE A LOS INFANTES DE GUANAJUATO - Kuali\",\"isPartOf\":{\"@id\":\"https:\\\/\\\/kuali.com.mx\\\/web\\\/#website\"},\"primaryImageOfPage\":{\"@id\":\"https:\\\/\\\/kuali.com.mx\\\/web\\\/2022\\\/07\\\/14\\\/analizan-ley-que-protege-a-los-infantes-de-guanajuato\\\/#primaryimage\"},\"image\":{\"@id\":\"https:\\\/\\\/kuali.com.mx\\\/web\\\/2022\\\/07\\\/14\\\/analizan-ley-que-protege-a-los-infantes-de-guanajuato\\\/#primaryimage\"},\"thumbnailUrl\":\"https:\\\/\\\/kuali.com.mx\\\/web\\\/wp-content\\\/uploads\\\/2019\\\/02\\\/Infantes-adolescentes.jpg\",\"datePublished\":\"2022-07-14T18:22:00+00:00\",\"dateModified\":\"2022-07-15T12:25:45+00:00\",\"author\":{\"@id\":\"https:\\\/\\\/kuali.com.mx\\\/web\\\/#\\\/schema\\\/person\\\/6f89ffa8ecba9dae50662357923c5289\"},\"breadcrumb\":{\"@id\":\"https:\\\/\\\/kuali.com.mx\\\/web\\\/2022\\\/07\\\/14\\\/analizan-ley-que-protege-a-los-infantes-de-guanajuato\\\/#breadcrumb\"},\"inLanguage\":\"es\",\"potentialAction\":[{\"@type\":\"ReadAction\",\"target\":[\"https:\\\/\\\/kuali.com.mx\\\/web\\\/2022\\\/07\\\/14\\\/analizan-ley-que-protege-a-los-infantes-de-guanajuato\\\/\"]}]},{\"@type\":\"ImageObject\",\"inLanguage\":\"es\",\"@id\":\"https:\\\/\\\/kuali.com.mx\\\/web\\\/2022\\\/07\\\/14\\\/analizan-ley-que-protege-a-los-infantes-de-guanajuato\\\/#primaryimage\",\"url\":\"https:\\\/\\\/kuali.com.mx\\\/web\\\/wp-content\\\/uploads\\\/2019\\\/02\\\/Infantes-adolescentes.jpg\",\"contentUrl\":\"https:\\\/\\\/kuali.com.mx\\\/web\\\/wp-content\\\/uploads\\\/2019\\\/02\\\/Infantes-adolescentes.jpg\",\"width\":1777,\"height\":750},{\"@type\":\"BreadcrumbList\",\"@id\":\"https:\\\/\\\/kuali.com.mx\\\/web\\\/2022\\\/07\\\/14\\\/analizan-ley-que-protege-a-los-infantes-de-guanajuato\\\/#breadcrumb\",\"itemListElement\":[{\"@type\":\"ListItem\",\"position\":1,\"name\":\"Inicio\",\"item\":\"https:\\\/\\\/kuali.com.mx\\\/web\\\/\"},{\"@type\":\"ListItem\",\"position\":2,\"name\":\"ANALIZAN LEY QUE PROTEGE A LOS INFANTES DE GUANAJUATO\"}]},{\"@type\":\"WebSite\",\"@id\":\"https:\\\/\\\/kuali.com.mx\\\/web\\\/#website\",\"url\":\"https:\\\/\\\/kuali.com.mx\\\/web\\\/\",\"name\":\"Kuali\",\"description\":\"\",\"potentialAction\":[{\"@type\":\"SearchAction\",\"target\":{\"@type\":\"EntryPoint\",\"urlTemplate\":\"https:\\\/\\\/kuali.com.mx\\\/web\\\/?s={search_term_string}\"},\"query-input\":{\"@type\":\"PropertyValueSpecification\",\"valueRequired\":true,\"valueName\":\"search_term_string\"}}],\"inLanguage\":\"es\"},{\"@type\":\"Person\",\"@id\":\"https:\\\/\\\/kuali.com.mx\\\/web\\\/#\\\/schema\\\/person\\\/6f89ffa8ecba9dae50662357923c5289\",\"name\":\"Kuali Staff\",\"image\":{\"@type\":\"ImageObject\",\"inLanguage\":\"es\",\"@id\":\"https:\\\/\\\/secure.gravatar.com\\\/avatar\\\/f917ad82e5ab71227a733c78b6e60715476f69ee6be59feee4eb5d9920c89e0f?s=96&d=mm&r=g\",\"url\":\"https:\\\/\\\/secure.gravatar.com\\\/avatar\\\/f917ad82e5ab71227a733c78b6e60715476f69ee6be59feee4eb5d9920c89e0f?s=96&d=mm&r=g\",\"contentUrl\":\"https:\\\/\\\/secure.gravatar.com\\\/avatar\\\/f917ad82e5ab71227a733c78b6e60715476f69ee6be59feee4eb5d9920c89e0f?s=96&d=mm&r=g\",\"caption\":\"Kuali Staff\"},\"url\":\"https:\\\/\\\/kuali.com.mx\\\/web\\\/author\\\/lagarto\\\/\"}]}<\/script>\n<!-- \/ Yoast SEO plugin. -->","yoast_head_json":{"title":"ANALIZAN LEY QUE PROTEGE A LOS INFANTES DE GUANAJUATO - Kuali","robots":{"index":"index","follow":"follow","max-snippet":"max-snippet:-1","max-image-preview":"max-image-preview:large","max-video-preview":"max-video-preview:-1"},"canonical":"https:\/\/kuali.com.mx\/web\/2022\/07\/14\/analizan-ley-que-protege-a-los-infantes-de-guanajuato\/","og_locale":"es_MX","og_type":"article","og_title":"ANALIZAN LEY QUE PROTEGE A LOS INFANTES DE GUANAJUATO - Kuali","og_description":"Kuali\/Guanajuato, Gto.-El Gobernador de Guanajuato, Diego Sinhue Rodr\u00edguez Vallejo, inaugur\u00f3 la Segunda Conferencia Regional de Procuradoras y Procuradores de Protecci\u00f3n a Ni\u00f1as, Ni\u00f1os y Adolescentes de la Zona Occidente y se firmaron convenios a favor de los derechos de este sector de la poblaci\u00f3n. El objetivo de este evento es exponer la normativa aplicable vigente [&hellip;]","og_url":"https:\/\/kuali.com.mx\/web\/2022\/07\/14\/analizan-ley-que-protege-a-los-infantes-de-guanajuato\/","og_site_name":"Kuali","article_publisher":"https:\/\/kuali.com.mx\/web\/wp-content\/uploads\/2018\/04\/cropped-kuali_logo-1-1.png","article_published_time":"2022-07-14T18:22:00+00:00","article_modified_time":"2022-07-15T12:25:45+00:00","og_image":[{"width":1777,"height":750,"url":"https:\/\/kuali.com.mx\/web\/wp-content\/uploads\/2019\/02\/Infantes-adolescentes.jpg","type":"image\/jpeg"}],"author":"Kuali Staff","twitter_card":"summary_large_image","twitter_creator":"@kuali_noticias","twitter_site":"@kuali_noticias","twitter_misc":{"Escrito por":"Kuali Staff","Tiempo de lectura":"4 minutos"},"schema":{"@context":"https:\/\/schema.org","@graph":[{"@type":"Article","@id":"https:\/\/kuali.com.mx\/web\/2022\/07\/14\/analizan-ley-que-protege-a-los-infantes-de-guanajuato\/#article","isPartOf":{"@id":"https:\/\/kuali.com.mx\/web\/2022\/07\/14\/analizan-ley-que-protege-a-los-infantes-de-guanajuato\/"},"author":{"name":"Kuali Staff","@id":"https:\/\/kuali.com.mx\/web\/#\/schema\/person\/6f89ffa8ecba9dae50662357923c5289"},"headline":"ANALIZAN LEY QUE PROTEGE A LOS INFANTES DE GUANAJUATO","datePublished":"2022-07-14T18:22:00+00:00","dateModified":"2022-07-15T12:25:45+00:00","mainEntityOfPage":{"@id":"https:\/\/kuali.com.mx\/web\/2022\/07\/14\/analizan-ley-que-protege-a-los-infantes-de-guanajuato\/"},"wordCount":741,"commentCount":0,"image":{"@id":"https:\/\/kuali.com.mx\/web\/2022\/07\/14\/analizan-ley-que-protege-a-los-infantes-de-guanajuato\/#primaryimage"},"thumbnailUrl":"https:\/\/kuali.com.mx\/web\/wp-content\/uploads\/2019\/02\/Infantes-adolescentes.jpg","articleSection":["Derechos Humanos"],"inLanguage":"es","potentialAction":[{"@type":"CommentAction","name":"Comment","target":["https:\/\/kuali.com.mx\/web\/2022\/07\/14\/analizan-ley-que-protege-a-los-infantes-de-guanajuato\/#respond"]}]},{"@type":"WebPage","@id":"https:\/\/kuali.com.mx\/web\/2022\/07\/14\/analizan-ley-que-protege-a-los-infantes-de-guanajuato\/","url":"https:\/\/kuali.com.mx\/web\/2022\/07\/14\/analizan-ley-que-protege-a-los-infantes-de-guanajuato\/","name":"ANALIZAN LEY QUE PROTEGE A LOS INFANTES DE GUANAJUATO - Kuali","isPartOf":{"@id":"https:\/\/kuali.com.mx\/web\/#website"},"primaryImageOfPage":{"@id":"https:\/\/kuali.com.mx\/web\/2022\/07\/14\/analizan-ley-que-protege-a-los-infantes-de-guanajuato\/#primaryimage"},"image":{"@id":"https:\/\/kuali.com.mx\/web\/2022\/07\/14\/analizan-ley-que-protege-a-los-infantes-de-guanajuato\/#primaryimage"},"thumbnailUrl":"https:\/\/kuali.com.mx\/web\/wp-content\/uploads\/2019\/02\/Infantes-adolescentes.jpg","datePublished":"2022-07-14T18:22:00+00:00","dateModified":"2022-07-15T12:25:45+00:00","author":{"@id":"https:\/\/kuali.com.mx\/web\/#\/schema\/person\/6f89ffa8ecba9dae50662357923c5289"},"breadcrumb":{"@id":"https:\/\/kuali.com.mx\/web\/2022\/07\/14\/analizan-ley-que-protege-a-los-infantes-de-guanajuato\/#breadcrumb"},"inLanguage":"es","potentialAction":[{"@type":"ReadAction","target":["https:\/\/kuali.com.mx\/web\/2022\/07\/14\/analizan-ley-que-protege-a-los-infantes-de-guanajuato\/"]}]},{"@type":"ImageObject","inLanguage":"es","@id":"https:\/\/kuali.com.mx\/web\/2022\/07\/14\/analizan-ley-que-protege-a-los-infantes-de-guanajuato\/#primaryimage","url":"https:\/\/kuali.com.mx\/web\/wp-content\/uploads\/2019\/02\/Infantes-adolescentes.jpg","contentUrl":"https:\/\/kuali.com.mx\/web\/wp-content\/uploads\/2019\/02\/Infantes-adolescentes.jpg","width":1777,"height":750},{"@type":"BreadcrumbList","@id":"https:\/\/kuali.com.mx\/web\/2022\/07\/14\/analizan-ley-que-protege-a-los-infantes-de-guanajuato\/#breadcrumb","itemListElement":[{"@type":"ListItem","position":1,"name":"Inicio","item":"https:\/\/kuali.com.mx\/web\/"},{"@type":"ListItem","position":2,"name":"ANALIZAN LEY QUE PROTEGE A LOS INFANTES DE GUANAJUATO"}]},{"@type":"WebSite","@id":"https:\/\/kuali.com.mx\/web\/#website","url":"https:\/\/kuali.com.mx\/web\/","name":"Kuali","description":"","potentialAction":[{"@type":"SearchAction","target":{"@type":"EntryPoint","urlTemplate":"https:\/\/kuali.com.mx\/web\/?s={search_term_string}"},"query-input":{"@type":"PropertyValueSpecification","valueRequired":true,"valueName":"search_term_string"}}],"inLanguage":"es"},{"@type":"Person","@id":"https:\/\/kuali.com.mx\/web\/#\/schema\/person\/6f89ffa8ecba9dae50662357923c5289","name":"Kuali Staff","image":{"@type":"ImageObject","inLanguage":"es","@id":"https:\/\/secure.gravatar.com\/avatar\/f917ad82e5ab71227a733c78b6e60715476f69ee6be59feee4eb5d9920c89e0f?s=96&d=mm&r=g","url":"https:\/\/secure.gravatar.com\/avatar\/f917ad82e5ab71227a733c78b6e60715476f69ee6be59feee4eb5d9920c89e0f?s=96&d=mm&r=g","contentUrl":"https:\/\/secure.gravatar.com\/avatar\/f917ad82e5ab71227a733c78b6e60715476f69ee6be59feee4eb5d9920c89e0f?s=96&d=mm&r=g","caption":"Kuali Staff"},"url":"https:\/\/kuali.com.mx\/web\/author\/lagarto\/"}]}},"_links":{"self":[{"href":"https:\/\/kuali.com.mx\/web\/wp-json\/wp\/v2\/posts\/100382","targetHints":{"allow":["GET"]}}],"collection":[{"href":"https:\/\/kuali.com.mx\/web\/wp-json\/wp\/v2\/posts"}],"about":[{"href":"https:\/\/kuali.com.mx\/web\/wp-json\/wp\/v2\/types\/post"}],"author":[{"embeddable":true,"href":"https:\/\/kuali.com.mx\/web\/wp-json\/wp\/v2\/users\/2"}],"replies":[{"embeddable":true,"href":"https:\/\/kuali.com.mx\/web\/wp-json\/wp\/v2\/comments?post=100382"}],"version-history":[{"count":1,"href":"https:\/\/kuali.com.mx\/web\/wp-json\/wp\/v2\/posts\/100382\/revisions"}],"predecessor-version":[{"id":100384,"href":"https:\/\/kuali.com.mx\/web\/wp-json\/wp\/v2\/posts\/100382\/revisions\/100384"}],"wp:featuredmedia":[{"embeddable":true,"href":"https:\/\/kuali.com.mx\/web\/wp-json\/wp\/v2\/media\/51402"}],"wp:attachment":[{"href":"https:\/\/kuali.com.mx\/web\/wp-json\/wp\/v2\/media?parent=100382"}],"wp:term":[{"taxonomy":"category","embeddable":true,"href":"https:\/\/kuali.com.mx\/web\/wp-json\/wp\/v2\/categories?post=100382"},{"taxonomy":"post_tag","embeddable":true,"href":"https:\/\/kuali.com.mx\/web\/wp-json\/wp\/v2\/tags?post=100382"}],"curies":[{"name":"wp","href":"https:\/\/api.w.org\/{rel}","templated":true}]}}