{"id":100358,"date":"2022-07-14T12:10:49","date_gmt":"2022-07-14T18:10:49","guid":{"rendered":"https:\/\/kuali.com.mx\/web\/?p=100358"},"modified":"2022-07-14T20:30:14","modified_gmt":"2022-07-15T02:30:14","slug":"habilitaran-ciclovias-en-el-centro-historico","status":"publish","type":"post","link":"https:\/\/kuali.com.mx\/web\/2022\/07\/14\/habilitaran-ciclovias-en-el-centro-historico\/","title":{"rendered":"HABILITAR\u00c1N CICLOV\u00cdAS EN EL CENTRO HIST\u00d3RICO"},"content":{"rendered":"\n<p><strong><em>Kuali\/Cuauht\u00e9moc, CdMx<\/em>.-&nbsp;&nbsp;<\/strong>Irapuato es una de las 10 ciudades del pa\u00eds que firm\u00f3 su adherencia a la iniciativa RE-ACTIVA.MX, con la que se busca combatir la crisis clim\u00e1tica y contribuir a la implementaci\u00f3n de proyectos de movilidad activa, sostenible y social.&nbsp;<\/p>\n\n\n\n<p>Lorena Alfaro Garc\u00eda, presidenta municipal, destac\u00f3 la importancia de sumarse a este proyecto que abona al cuidado clim\u00e1tico pues record\u00f3 que, el Gobierno Local, trabaja para hacer de Irapuato una ciudad resiliente, sostenible y amigable con el medio ambiente.\u00a0<\/p>\n\n\n\n<p>\u201cEl Municipio de Irapuato, estar\u00e1 participando con un proyecto de ciclov\u00edas en el primer cuadro de la ciudad, en el Centro Hist\u00f3rico. Estamos buscando con este proyecto incrementar el 7.05 % de las ciclov\u00edas ya existentes\u201d, refiri\u00f3.&nbsp;<\/p>\n\n\n\n<figure class=\"wp-block-image size-large\"><img loading=\"lazy\" decoding=\"async\" width=\"1024\" height=\"470\" src=\"https:\/\/kuali.com.mx\/web\/wp-content\/uploads\/2022\/07\/CICLO-A-1024x470.jpg\" alt=\"\" class=\"wp-image-100361\" srcset=\"https:\/\/kuali.com.mx\/web\/wp-content\/uploads\/2022\/07\/CICLO-A-1024x470.jpg 1024w, https:\/\/kuali.com.mx\/web\/wp-content\/uploads\/2022\/07\/CICLO-A-300x138.jpg 300w, https:\/\/kuali.com.mx\/web\/wp-content\/uploads\/2022\/07\/CICLO-A-768x352.jpg 768w, https:\/\/kuali.com.mx\/web\/wp-content\/uploads\/2022\/07\/CICLO-A-1536x705.jpg 1536w, https:\/\/kuali.com.mx\/web\/wp-content\/uploads\/2022\/07\/CICLO-A-228x105.jpg 228w, https:\/\/kuali.com.mx\/web\/wp-content\/uploads\/2022\/07\/CICLO-A.jpg 1635w\" sizes=\"auto, (max-width: 1024px) 100vw, 1024px\" \/><\/figure>\n\n\n\n<p>Alfaro Garc\u00eda agreg\u00f3 que, Irapuato cuenta con un Centro Hist\u00f3rico con siete plazas interconectadas, por lo que integrar esta ciclov\u00eda generar\u00e1 grandes beneficios a la salud, econom\u00eda, convivencia familiar y seguridad vial.<\/p>\n\n\n\n<p>El embajador del Reino Unido en M\u00e9xico Jon Benjam\u00edn, felicit\u00f3 a las 10 ciudades participantes en el proyecto pues, sumarse a estas acciones habla de que son ciudades visionarias, l\u00edderes en la implementaci\u00f3n de infraestructuras peatonal y ciclista, como parte de las medidas de mitigaci\u00f3n y adaptaci\u00f3n ante la crisis clim\u00e1tica global en la que todos nos encontramos.<\/p>\n\n\n\n<p>\u201cEn todas las ciudades las acciones tendr\u00e1n diferentes formas, pero hay un denominador com\u00fan: buscar beneficios para el desarrollo sustentable\u201d, mencion\u00f3.&nbsp;<\/p>\n\n\n\n<p>La iniciativa RE-ACTIVA.MX fue creada por la consultora bikeNcity con el apoyo de UK PACT M\u00e9xico, para brindar asistencia t\u00e9cnica a los municipios participantes; adem\u00e1s participa la Secretar\u00eda de Desarrollo Agrario, Territorial y Urbano (Sedatu) y la Secretar\u00eda del Medio Ambiente y Recursos Naturales (Semarnat).&nbsp;Las ciudades que firmaron la adherencia son: Cuautitl\u00e1n Izcalli, Estado de M\u00e9xico; Cuernavaca, Morelos; Guadalajara, Jalisco; Le\u00f3n, Guanajuato; Morelia, Michoac\u00e1n; Tepic, Nayarit; Manzanillo, Colima; San Pedro Garza Garc\u00eda, Nuevo Le\u00f3n; Tuxtla Guti\u00e9rrez, Chiapas e<\/p>\n","protected":false},"excerpt":{"rendered":"Kuali\/Cuauht\u00e9moc, CdMx.-&nbsp;&nbsp;Irapuato es una de las 10 ciudades del pa\u00eds que firm\u00f3 su adherencia a la iniciativa RE-ACTIVA.MX, con la que se busca combatir la crisis clim\u00e1tica y contribuir a la implementaci\u00f3n de proyectos de movilidad activa, sostenible y social.&nbsp; Lorena Alfaro Garc\u00eda, presidenta municipal, destac\u00f3 la importancia de sumarse a este proyecto que abona [&hellip;]","protected":false},"author":2,"featured_media":100360,"comment_status":"open","ping_status":"open","sticky":false,"template":"","format":"standard","meta":{"_seopress_robots_primary_cat":"none","_seopress_titles_title":"","_seopress_titles_desc":"","_seopress_robots_index":"","_monsterinsights_skip_tracking":false,"_monsterinsights_sitenote_active":false,"_monsterinsights_sitenote_note":"","_monsterinsights_sitenote_category":0,"footnotes":""},"categories":[7],"tags":[],"class_list":["post-100358","post","type-post","status-publish","format-standard","has-post-thumbnail","hentry","category-salud"],"yoast_head":"<!-- This site is optimized with the Yoast SEO plugin v27.4 - https:\/\/yoast.com\/product\/yoast-seo-wordpress\/ -->\n<title>HABILITAR\u00c1N CICLOV\u00cdAS EN EL CENTRO HIST\u00d3RICO - Kuali<\/title>\n<meta name=\"robots\" content=\"index, follow, max-snippet:-1, max-image-preview:large, max-video-preview:-1\" \/>\n<link rel=\"canonical\" href=\"https:\/\/kuali.com.mx\/web\/2022\/07\/14\/habilitaran-ciclovias-en-el-centro-historico\/\" \/>\n<meta property=\"og:locale\" content=\"es_MX\" \/>\n<meta property=\"og:type\" content=\"article\" \/>\n<meta property=\"og:title\" content=\"HABILITAR\u00c1N CICLOV\u00cdAS EN EL CENTRO HIST\u00d3RICO - Kuali\" \/>\n<meta property=\"og:description\" content=\"Kuali\/Cuauht\u00e9moc, CdMx.-&nbsp;&nbsp;Irapuato es una de las 10 ciudades del pa\u00eds que firm\u00f3 su adherencia a la iniciativa RE-ACTIVA.MX, con la que se busca combatir la crisis clim\u00e1tica y contribuir a la implementaci\u00f3n de proyectos de movilidad activa, sostenible y social.&nbsp; Lorena Alfaro Garc\u00eda, presidenta municipal, destac\u00f3 la importancia de sumarse a este proyecto que abona [&hellip;]\" \/>\n<meta property=\"og:url\" content=\"https:\/\/kuali.com.mx\/web\/2022\/07\/14\/habilitaran-ciclovias-en-el-centro-historico\/\" \/>\n<meta property=\"og:site_name\" content=\"Kuali\" \/>\n<meta property=\"article:publisher\" content=\"https:\/\/kuali.com.mx\/web\/wp-content\/uploads\/2018\/04\/cropped-kuali_logo-1-1.png\" \/>\n<meta property=\"article:published_time\" content=\"2022-07-14T18:10:49+00:00\" \/>\n<meta property=\"article:modified_time\" content=\"2022-07-15T02:30:14+00:00\" \/>\n<meta property=\"og:image\" content=\"https:\/\/kuali.com.mx\/web\/wp-content\/uploads\/2022\/07\/CICLO-1.jpg\" \/>\n\t<meta property=\"og:image:width\" content=\"1628\" \/>\n\t<meta property=\"og:image:height\" content=\"750\" \/>\n\t<meta property=\"og:image:type\" content=\"image\/jpeg\" \/>\n<meta name=\"author\" content=\"Kuali Staff\" \/>\n<meta name=\"twitter:card\" content=\"summary_large_image\" \/>\n<meta name=\"twitter:creator\" content=\"@kuali_noticias\" \/>\n<meta name=\"twitter:site\" content=\"@kuali_noticias\" \/>\n<meta name=\"twitter:label1\" content=\"Escrito por\" \/>\n\t<meta name=\"twitter:data1\" content=\"Kuali Staff\" \/>\n\t<meta name=\"twitter:label2\" content=\"Tiempo de lectura\" \/>\n\t<meta name=\"twitter:data2\" content=\"2 minutos\" \/>\n<script type=\"application\/ld+json\" class=\"yoast-schema-graph\">{\"@context\":\"https:\\\/\\\/schema.org\",\"@graph\":[{\"@type\":\"Article\",\"@id\":\"https:\\\/\\\/kuali.com.mx\\\/web\\\/2022\\\/07\\\/14\\\/habilitaran-ciclovias-en-el-centro-historico\\\/#article\",\"isPartOf\":{\"@id\":\"https:\\\/\\\/kuali.com.mx\\\/web\\\/2022\\\/07\\\/14\\\/habilitaran-ciclovias-en-el-centro-historico\\\/\"},\"author\":{\"name\":\"Kuali Staff\",\"@id\":\"https:\\\/\\\/kuali.com.mx\\\/web\\\/#\\\/schema\\\/person\\\/6f89ffa8ecba9dae50662357923c5289\"},\"headline\":\"HABILITAR\u00c1N CICLOV\u00cdAS EN EL CENTRO HIST\u00d3RICO\",\"datePublished\":\"2022-07-14T18:10:49+00:00\",\"dateModified\":\"2022-07-15T02:30:14+00:00\",\"mainEntityOfPage\":{\"@id\":\"https:\\\/\\\/kuali.com.mx\\\/web\\\/2022\\\/07\\\/14\\\/habilitaran-ciclovias-en-el-centro-historico\\\/\"},\"wordCount\":356,\"commentCount\":0,\"image\":{\"@id\":\"https:\\\/\\\/kuali.com.mx\\\/web\\\/2022\\\/07\\\/14\\\/habilitaran-ciclovias-en-el-centro-historico\\\/#primaryimage\"},\"thumbnailUrl\":\"https:\\\/\\\/kuali.com.mx\\\/web\\\/wp-content\\\/uploads\\\/2022\\\/07\\\/CICLO-1.jpg\",\"articleSection\":[\"Salud\"],\"inLanguage\":\"es\",\"potentialAction\":[{\"@type\":\"CommentAction\",\"name\":\"Comment\",\"target\":[\"https:\\\/\\\/kuali.com.mx\\\/web\\\/2022\\\/07\\\/14\\\/habilitaran-ciclovias-en-el-centro-historico\\\/#respond\"]}]},{\"@type\":\"WebPage\",\"@id\":\"https:\\\/\\\/kuali.com.mx\\\/web\\\/2022\\\/07\\\/14\\\/habilitaran-ciclovias-en-el-centro-historico\\\/\",\"url\":\"https:\\\/\\\/kuali.com.mx\\\/web\\\/2022\\\/07\\\/14\\\/habilitaran-ciclovias-en-el-centro-historico\\\/\",\"name\":\"HABILITAR\u00c1N CICLOV\u00cdAS EN EL CENTRO HIST\u00d3RICO - Kuali\",\"isPartOf\":{\"@id\":\"https:\\\/\\\/kuali.com.mx\\\/web\\\/#website\"},\"primaryImageOfPage\":{\"@id\":\"https:\\\/\\\/kuali.com.mx\\\/web\\\/2022\\\/07\\\/14\\\/habilitaran-ciclovias-en-el-centro-historico\\\/#primaryimage\"},\"image\":{\"@id\":\"https:\\\/\\\/kuali.com.mx\\\/web\\\/2022\\\/07\\\/14\\\/habilitaran-ciclovias-en-el-centro-historico\\\/#primaryimage\"},\"thumbnailUrl\":\"https:\\\/\\\/kuali.com.mx\\\/web\\\/wp-content\\\/uploads\\\/2022\\\/07\\\/CICLO-1.jpg\",\"datePublished\":\"2022-07-14T18:10:49+00:00\",\"dateModified\":\"2022-07-15T02:30:14+00:00\",\"author\":{\"@id\":\"https:\\\/\\\/kuali.com.mx\\\/web\\\/#\\\/schema\\\/person\\\/6f89ffa8ecba9dae50662357923c5289\"},\"breadcrumb\":{\"@id\":\"https:\\\/\\\/kuali.com.mx\\\/web\\\/2022\\\/07\\\/14\\\/habilitaran-ciclovias-en-el-centro-historico\\\/#breadcrumb\"},\"inLanguage\":\"es\",\"potentialAction\":[{\"@type\":\"ReadAction\",\"target\":[\"https:\\\/\\\/kuali.com.mx\\\/web\\\/2022\\\/07\\\/14\\\/habilitaran-ciclovias-en-el-centro-historico\\\/\"]}]},{\"@type\":\"ImageObject\",\"inLanguage\":\"es\",\"@id\":\"https:\\\/\\\/kuali.com.mx\\\/web\\\/2022\\\/07\\\/14\\\/habilitaran-ciclovias-en-el-centro-historico\\\/#primaryimage\",\"url\":\"https:\\\/\\\/kuali.com.mx\\\/web\\\/wp-content\\\/uploads\\\/2022\\\/07\\\/CICLO-1.jpg\",\"contentUrl\":\"https:\\\/\\\/kuali.com.mx\\\/web\\\/wp-content\\\/uploads\\\/2022\\\/07\\\/CICLO-1.jpg\",\"width\":1628,\"height\":750},{\"@type\":\"BreadcrumbList\",\"@id\":\"https:\\\/\\\/kuali.com.mx\\\/web\\\/2022\\\/07\\\/14\\\/habilitaran-ciclovias-en-el-centro-historico\\\/#breadcrumb\",\"itemListElement\":[{\"@type\":\"ListItem\",\"position\":1,\"name\":\"Inicio\",\"item\":\"https:\\\/\\\/kuali.com.mx\\\/web\\\/\"},{\"@type\":\"ListItem\",\"position\":2,\"name\":\"HABILITAR\u00c1N CICLOV\u00cdAS EN EL CENTRO HIST\u00d3RICO\"}]},{\"@type\":\"WebSite\",\"@id\":\"https:\\\/\\\/kuali.com.mx\\\/web\\\/#website\",\"url\":\"https:\\\/\\\/kuali.com.mx\\\/web\\\/\",\"name\":\"Kuali\",\"description\":\"\",\"potentialAction\":[{\"@type\":\"SearchAction\",\"target\":{\"@type\":\"EntryPoint\",\"urlTemplate\":\"https:\\\/\\\/kuali.com.mx\\\/web\\\/?s={search_term_string}\"},\"query-input\":{\"@type\":\"PropertyValueSpecification\",\"valueRequired\":true,\"valueName\":\"search_term_string\"}}],\"inLanguage\":\"es\"},{\"@type\":\"Person\",\"@id\":\"https:\\\/\\\/kuali.com.mx\\\/web\\\/#\\\/schema\\\/person\\\/6f89ffa8ecba9dae50662357923c5289\",\"name\":\"Kuali Staff\",\"image\":{\"@type\":\"ImageObject\",\"inLanguage\":\"es\",\"@id\":\"https:\\\/\\\/secure.gravatar.com\\\/avatar\\\/f917ad82e5ab71227a733c78b6e60715476f69ee6be59feee4eb5d9920c89e0f?s=96&d=mm&r=g\",\"url\":\"https:\\\/\\\/secure.gravatar.com\\\/avatar\\\/f917ad82e5ab71227a733c78b6e60715476f69ee6be59feee4eb5d9920c89e0f?s=96&d=mm&r=g\",\"contentUrl\":\"https:\\\/\\\/secure.gravatar.com\\\/avatar\\\/f917ad82e5ab71227a733c78b6e60715476f69ee6be59feee4eb5d9920c89e0f?s=96&d=mm&r=g\",\"caption\":\"Kuali Staff\"},\"url\":\"https:\\\/\\\/kuali.com.mx\\\/web\\\/author\\\/lagarto\\\/\"}]}<\/script>\n<!-- \/ Yoast SEO plugin. -->","yoast_head_json":{"title":"HABILITAR\u00c1N CICLOV\u00cdAS EN EL CENTRO HIST\u00d3RICO - Kuali","robots":{"index":"index","follow":"follow","max-snippet":"max-snippet:-1","max-image-preview":"max-image-preview:large","max-video-preview":"max-video-preview:-1"},"canonical":"https:\/\/kuali.com.mx\/web\/2022\/07\/14\/habilitaran-ciclovias-en-el-centro-historico\/","og_locale":"es_MX","og_type":"article","og_title":"HABILITAR\u00c1N CICLOV\u00cdAS EN EL CENTRO HIST\u00d3RICO - Kuali","og_description":"Kuali\/Cuauht\u00e9moc, CdMx.-&nbsp;&nbsp;Irapuato es una de las 10 ciudades del pa\u00eds que firm\u00f3 su adherencia a la iniciativa RE-ACTIVA.MX, con la que se busca combatir la crisis clim\u00e1tica y contribuir a la implementaci\u00f3n de proyectos de movilidad activa, sostenible y social.&nbsp; Lorena Alfaro Garc\u00eda, presidenta municipal, destac\u00f3 la importancia de sumarse a este proyecto que abona [&hellip;]","og_url":"https:\/\/kuali.com.mx\/web\/2022\/07\/14\/habilitaran-ciclovias-en-el-centro-historico\/","og_site_name":"Kuali","article_publisher":"https:\/\/kuali.com.mx\/web\/wp-content\/uploads\/2018\/04\/cropped-kuali_logo-1-1.png","article_published_time":"2022-07-14T18:10:49+00:00","article_modified_time":"2022-07-15T02:30:14+00:00","og_image":[{"width":1628,"height":750,"url":"https:\/\/kuali.com.mx\/web\/wp-content\/uploads\/2022\/07\/CICLO-1.jpg","type":"image\/jpeg"}],"author":"Kuali Staff","twitter_card":"summary_large_image","twitter_creator":"@kuali_noticias","twitter_site":"@kuali_noticias","twitter_misc":{"Escrito por":"Kuali Staff","Tiempo de lectura":"2 minutos"},"schema":{"@context":"https:\/\/schema.org","@graph":[{"@type":"Article","@id":"https:\/\/kuali.com.mx\/web\/2022\/07\/14\/habilitaran-ciclovias-en-el-centro-historico\/#article","isPartOf":{"@id":"https:\/\/kuali.com.mx\/web\/2022\/07\/14\/habilitaran-ciclovias-en-el-centro-historico\/"},"author":{"name":"Kuali Staff","@id":"https:\/\/kuali.com.mx\/web\/#\/schema\/person\/6f89ffa8ecba9dae50662357923c5289"},"headline":"HABILITAR\u00c1N CICLOV\u00cdAS EN EL CENTRO HIST\u00d3RICO","datePublished":"2022-07-14T18:10:49+00:00","dateModified":"2022-07-15T02:30:14+00:00","mainEntityOfPage":{"@id":"https:\/\/kuali.com.mx\/web\/2022\/07\/14\/habilitaran-ciclovias-en-el-centro-historico\/"},"wordCount":356,"commentCount":0,"image":{"@id":"https:\/\/kuali.com.mx\/web\/2022\/07\/14\/habilitaran-ciclovias-en-el-centro-historico\/#primaryimage"},"thumbnailUrl":"https:\/\/kuali.com.mx\/web\/wp-content\/uploads\/2022\/07\/CICLO-1.jpg","articleSection":["Salud"],"inLanguage":"es","potentialAction":[{"@type":"CommentAction","name":"Comment","target":["https:\/\/kuali.com.mx\/web\/2022\/07\/14\/habilitaran-ciclovias-en-el-centro-historico\/#respond"]}]},{"@type":"WebPage","@id":"https:\/\/kuali.com.mx\/web\/2022\/07\/14\/habilitaran-ciclovias-en-el-centro-historico\/","url":"https:\/\/kuali.com.mx\/web\/2022\/07\/14\/habilitaran-ciclovias-en-el-centro-historico\/","name":"HABILITAR\u00c1N CICLOV\u00cdAS EN EL CENTRO HIST\u00d3RICO - Kuali","isPartOf":{"@id":"https:\/\/kuali.com.mx\/web\/#website"},"primaryImageOfPage":{"@id":"https:\/\/kuali.com.mx\/web\/2022\/07\/14\/habilitaran-ciclovias-en-el-centro-historico\/#primaryimage"},"image":{"@id":"https:\/\/kuali.com.mx\/web\/2022\/07\/14\/habilitaran-ciclovias-en-el-centro-historico\/#primaryimage"},"thumbnailUrl":"https:\/\/kuali.com.mx\/web\/wp-content\/uploads\/2022\/07\/CICLO-1.jpg","datePublished":"2022-07-14T18:10:49+00:00","dateModified":"2022-07-15T02:30:14+00:00","author":{"@id":"https:\/\/kuali.com.mx\/web\/#\/schema\/person\/6f89ffa8ecba9dae50662357923c5289"},"breadcrumb":{"@id":"https:\/\/kuali.com.mx\/web\/2022\/07\/14\/habilitaran-ciclovias-en-el-centro-historico\/#breadcrumb"},"inLanguage":"es","potentialAction":[{"@type":"ReadAction","target":["https:\/\/kuali.com.mx\/web\/2022\/07\/14\/habilitaran-ciclovias-en-el-centro-historico\/"]}]},{"@type":"ImageObject","inLanguage":"es","@id":"https:\/\/kuali.com.mx\/web\/2022\/07\/14\/habilitaran-ciclovias-en-el-centro-historico\/#primaryimage","url":"https:\/\/kuali.com.mx\/web\/wp-content\/uploads\/2022\/07\/CICLO-1.jpg","contentUrl":"https:\/\/kuali.com.mx\/web\/wp-content\/uploads\/2022\/07\/CICLO-1.jpg","width":1628,"height":750},{"@type":"BreadcrumbList","@id":"https:\/\/kuali.com.mx\/web\/2022\/07\/14\/habilitaran-ciclovias-en-el-centro-historico\/#breadcrumb","itemListElement":[{"@type":"ListItem","position":1,"name":"Inicio","item":"https:\/\/kuali.com.mx\/web\/"},{"@type":"ListItem","position":2,"name":"HABILITAR\u00c1N CICLOV\u00cdAS EN EL CENTRO HIST\u00d3RICO"}]},{"@type":"WebSite","@id":"https:\/\/kuali.com.mx\/web\/#website","url":"https:\/\/kuali.com.mx\/web\/","name":"Kuali","description":"","potentialAction":[{"@type":"SearchAction","target":{"@type":"EntryPoint","urlTemplate":"https:\/\/kuali.com.mx\/web\/?s={search_term_string}"},"query-input":{"@type":"PropertyValueSpecification","valueRequired":true,"valueName":"search_term_string"}}],"inLanguage":"es"},{"@type":"Person","@id":"https:\/\/kuali.com.mx\/web\/#\/schema\/person\/6f89ffa8ecba9dae50662357923c5289","name":"Kuali Staff","image":{"@type":"ImageObject","inLanguage":"es","@id":"https:\/\/secure.gravatar.com\/avatar\/f917ad82e5ab71227a733c78b6e60715476f69ee6be59feee4eb5d9920c89e0f?s=96&d=mm&r=g","url":"https:\/\/secure.gravatar.com\/avatar\/f917ad82e5ab71227a733c78b6e60715476f69ee6be59feee4eb5d9920c89e0f?s=96&d=mm&r=g","contentUrl":"https:\/\/secure.gravatar.com\/avatar\/f917ad82e5ab71227a733c78b6e60715476f69ee6be59feee4eb5d9920c89e0f?s=96&d=mm&r=g","caption":"Kuali Staff"},"url":"https:\/\/kuali.com.mx\/web\/author\/lagarto\/"}]}},"_links":{"self":[{"href":"https:\/\/kuali.com.mx\/web\/wp-json\/wp\/v2\/posts\/100358","targetHints":{"allow":["GET"]}}],"collection":[{"href":"https:\/\/kuali.com.mx\/web\/wp-json\/wp\/v2\/posts"}],"about":[{"href":"https:\/\/kuali.com.mx\/web\/wp-json\/wp\/v2\/types\/post"}],"author":[{"embeddable":true,"href":"https:\/\/kuali.com.mx\/web\/wp-json\/wp\/v2\/users\/2"}],"replies":[{"embeddable":true,"href":"https:\/\/kuali.com.mx\/web\/wp-json\/wp\/v2\/comments?post=100358"}],"version-history":[{"count":2,"href":"https:\/\/kuali.com.mx\/web\/wp-json\/wp\/v2\/posts\/100358\/revisions"}],"predecessor-version":[{"id":100369,"href":"https:\/\/kuali.com.mx\/web\/wp-json\/wp\/v2\/posts\/100358\/revisions\/100369"}],"wp:featuredmedia":[{"embeddable":true,"href":"https:\/\/kuali.com.mx\/web\/wp-json\/wp\/v2\/media\/100360"}],"wp:attachment":[{"href":"https:\/\/kuali.com.mx\/web\/wp-json\/wp\/v2\/media?parent=100358"}],"wp:term":[{"taxonomy":"category","embeddable":true,"href":"https:\/\/kuali.com.mx\/web\/wp-json\/wp\/v2\/categories?post=100358"},{"taxonomy":"post_tag","embeddable":true,"href":"https:\/\/kuali.com.mx\/web\/wp-json\/wp\/v2\/tags?post=100358"}],"curies":[{"name":"wp","href":"https:\/\/api.w.org\/{rel}","templated":true}]}}