{"id":100345,"date":"2022-07-14T14:54:16","date_gmt":"2022-07-14T20:54:16","guid":{"rendered":"https:\/\/kuali.com.mx\/web\/?p=100345"},"modified":"2022-07-14T20:31:28","modified_gmt":"2022-07-15T02:31:28","slug":"emergencia-por-sequia-en-guanajuato","status":"publish","type":"post","link":"https:\/\/kuali.com.mx\/web\/2022\/07\/14\/emergencia-por-sequia-en-guanajuato\/","title":{"rendered":"EMERGENCIA POR SEQU\u00cdA EN GUANAJUATO"},"content":{"rendered":"\n<p><strong>Alicia Arias\/Le\u00f3n, Gto.- <\/strong>El estado de Guanajuato vive un estado de emergencia por la sequ\u00eda que afecta al 96.7 por ciento de su territorio. Los 46 municipios padecen sequ\u00eda, pero en 33 de ellos es m\u00e1s que anormal, y va de moderada a severa.<\/p>\n\n\n\n<p>As\u00ed lo dio a conocer la Comisi\u00f3n Nacional del Agua (Conagua) el martes 12 de julio cuando declar\u00f3 el inicio de la emergencia por sequ\u00eda en el pa\u00eds, donde cerca de siete de cada 10 municipios no tienen el agua que necesitan.<\/p>\n\n\n\n<p>El monitoreo de la Conagua con corte al 30 de junio, incluye a los 33 municipios de Guanajuato en la lista de los 571 municipios de M\u00e9xico que tienen problemas por la falta de agua.<\/p>\n\n\n\n<p>De acuerdo con el Monitor de Sequ\u00eda en M\u00e9xico, elaborado por la Conagua, la severa se extendi\u00f3 en los estados de Coahuila, Nuevo Le\u00f3n, Tamaulipas, Zacatecas, Guanajuato y Quer\u00e9taro.<\/p>\n\n\n\n<figure class=\"wp-block-image size-full\"><img loading=\"lazy\" decoding=\"async\" width=\"1025\" height=\"484\" src=\"https:\/\/kuali.com.mx\/web\/wp-content\/uploads\/2022\/07\/Municipios-afectados-por-entidad-federativa.gif\" alt=\"\" class=\"wp-image-100351\"\/><\/figure>\n\n\n\n<p><strong>SIN SEQUIA SOLO 3.3% DEL TERRITORIO <\/strong><\/p>\n\n\n\n<p>De acuerdo con la clasificaci\u00f3n de la Conagua, \u00fanicamente el 3.3 por ciento del territorio guanajuatense no est\u00e1 afectado en este momento; pero el resto, el 96.7 por ciento, s\u00ed lo est\u00e1.<\/p>\n\n\n\n<p>El 96.7 por ciento del territorio afectado lo integran 13 municipios clasificados como anormalmente secos y que representan el 29. 4 por ciento del territorio; otros 19 que viven sequ\u00eda moderada y abarcan el 32.4 por ciento de la superficie estatal; as\u00ed como 14 municipalidades que ya padecen una sequ\u00eda severa y representan el 34.9 por ciento del territorio guanajuatense.<\/p>\n\n\n\n<p>En la entidad todav\u00eda no hay municipios con sequ\u00eda extrema y excepcional, como ocurre en estado del norte del pa\u00eds.<\/p>\n\n\n\n<div class=\"wp-block-group\"><div class=\"wp-block-group__inner-container is-layout-flow wp-block-group-is-layout-flow\">\n<p class=\"has-text-align-center\"><strong>Municipios con sequ\u00eda severa<\/strong><\/p>\n\n\n\n<ol class=\"wp-block-list\" type=\"1\"><li>San Miguel de Allende<\/li><li>Atarjeta<\/li><li>Doctor Mora<\/li><li>Dolores Hidalgo<\/li><li>Guanajuato<\/li><li>San Diego de la Uni\u00f3n<\/li><li>San Felipe<\/li><li>San Jos\u00e9 Iturbide<\/li><li>San Luis de la Paz<\/li><li>Santa Catarina<\/li><li>Silao<\/li><li>Tierra Blanca<\/li><li>Voctoria<\/li><li>Xich\u00fa<\/li><\/ol>\n<\/div><\/div>\n\n\n\n<p class=\"has-text-align-center\"><strong>Municipios con sequ\u00eda moderada<\/strong><\/p>\n\n\n\n<ol class=\"wp-block-list\" type=\"1\"><li>Abasolo<\/li><li>Apaseo el Alto<\/li><li>Apaseo el Grande<\/li><li>Celaya<\/li><li>Comonfort<\/li><li>Coroneo<\/li><li>Cuer\u00e1maro<\/li><li>Irapuato<\/li><li>Jer\u00e9cuaro<\/li><li>Le\u00f3n<\/li><li>Ocampo<\/li><li>Pueblo Nuevo<\/li><li>Pur\u00edsima del Rinc\u00f3n<\/li><li>Romita<\/li><li>Salamanca<\/li><li>San Francisco del Rinc\u00f3n<\/li><li>Santa Cruz de Juventino Rosas<\/li><li>Valle de Santiago<\/li><li>Villagr\u00e1n<\/li><\/ol>\n\n\n\n<p class=\"has-text-align-center\"><strong>Municipios sin sequ\u00eda<\/strong><\/p>\n\n\n\n<ol class=\"wp-block-list\" type=\"1\"><li>Ac\u00e1mbaro<\/li><li>Ciudad Manuel Doblado<\/li><li>Cortazar<\/li><li>Huan\u00edmaro<\/li><li>Jaral del Progreso<\/li><li>Morole\u00f3n<\/li><li>P\u00e9njamo<\/li><li>Salvatierra<\/li><li>Santiago Maravat\u00edo<\/li><li>Tarandacuao<\/li><li>Tarimoro<\/li><li>Uriangato<\/li><li>Yuriria<\/li><\/ol>\n\n\n\n<p>La declaratoria de la Conagua le permite adoptar medidas extraordinarias para mitigar la escasez y garantizar un equilibrio en el suministro para uso agr\u00edcola, industrial y dom\u00e9stico en las zonas afectadas, de acuerdo con el decreto publicado en el Diario Oficial de la Federaci\u00f3n y que entra en vigor el d\u00eda de hoy.<\/p>\n","protected":false},"excerpt":{"rendered":"Alicia Arias\/Le\u00f3n, Gto.- El estado de Guanajuato vive un estado de emergencia por la sequ\u00eda que afecta al 96.7 por ciento de su territorio. Los 46 municipios padecen sequ\u00eda, pero en 33 de ellos es m\u00e1s que anormal, y va de moderada a severa. As\u00ed lo dio a conocer la Comisi\u00f3n Nacional del Agua (Conagua) [&hellip;]","protected":false},"author":2,"featured_media":100354,"comment_status":"open","ping_status":"open","sticky":false,"template":"","format":"standard","meta":{"_seopress_robots_primary_cat":"none","_seopress_titles_title":"","_seopress_titles_desc":"","_seopress_robots_index":"","_monsterinsights_skip_tracking":false,"_monsterinsights_sitenote_active":false,"_monsterinsights_sitenote_note":"","_monsterinsights_sitenote_category":0,"footnotes":""},"categories":[17,69],"tags":[757,9,187],"class_list":["post-100345","post","type-post","status-publish","format-standard","has-post-thumbnail","hentry","category-ecologia","category-slider","tag-emergencia-por-sequia","tag-guanajuato","tag-medio-ambiente"],"yoast_head":"<!-- This site is optimized with the Yoast SEO plugin v27.4 - https:\/\/yoast.com\/product\/yoast-seo-wordpress\/ -->\n<title>EMERGENCIA POR SEQU\u00cdA EN GUANAJUATO - Kuali<\/title>\n<meta name=\"robots\" content=\"index, follow, max-snippet:-1, max-image-preview:large, max-video-preview:-1\" \/>\n<link rel=\"canonical\" href=\"https:\/\/kuali.com.mx\/web\/2022\/07\/14\/emergencia-por-sequia-en-guanajuato\/\" \/>\n<meta property=\"og:locale\" content=\"es_MX\" \/>\n<meta property=\"og:type\" content=\"article\" \/>\n<meta property=\"og:title\" content=\"EMERGENCIA POR SEQU\u00cdA EN GUANAJUATO - Kuali\" \/>\n<meta property=\"og:description\" content=\"Alicia Arias\/Le\u00f3n, Gto.- El estado de Guanajuato vive un estado de emergencia por la sequ\u00eda que afecta al 96.7 por ciento de su territorio. Los 46 municipios padecen sequ\u00eda, pero en 33 de ellos es m\u00e1s que anormal, y va de moderada a severa. As\u00ed lo dio a conocer la Comisi\u00f3n Nacional del Agua (Conagua) [&hellip;]\" \/>\n<meta property=\"og:url\" content=\"https:\/\/kuali.com.mx\/web\/2022\/07\/14\/emergencia-por-sequia-en-guanajuato\/\" \/>\n<meta property=\"og:site_name\" content=\"Kuali\" \/>\n<meta property=\"article:publisher\" content=\"https:\/\/kuali.com.mx\/web\/wp-content\/uploads\/2018\/04\/cropped-kuali_logo-1-1.png\" \/>\n<meta property=\"article:published_time\" content=\"2022-07-14T20:54:16+00:00\" \/>\n<meta property=\"article:modified_time\" content=\"2022-07-15T02:31:28+00:00\" \/>\n<meta property=\"og:image\" content=\"https:\/\/kuali.com.mx\/web\/wp-content\/uploads\/2022\/07\/Sequia.gif\" \/>\n\t<meta property=\"og:image:width\" content=\"1900\" \/>\n\t<meta property=\"og:image:height\" content=\"750\" \/>\n\t<meta property=\"og:image:type\" content=\"image\/gif\" \/>\n<meta name=\"author\" content=\"Kuali Staff\" \/>\n<meta name=\"twitter:card\" content=\"summary_large_image\" \/>\n<meta name=\"twitter:creator\" content=\"@kuali_noticias\" \/>\n<meta name=\"twitter:site\" content=\"@kuali_noticias\" \/>\n<meta name=\"twitter:label1\" content=\"Escrito por\" \/>\n\t<meta name=\"twitter:data1\" content=\"Kuali Staff\" \/>\n\t<meta name=\"twitter:label2\" content=\"Tiempo de lectura\" \/>\n\t<meta name=\"twitter:data2\" content=\"2 minutos\" \/>\n<script type=\"application\/ld+json\" class=\"yoast-schema-graph\">{\"@context\":\"https:\\\/\\\/schema.org\",\"@graph\":[{\"@type\":\"Article\",\"@id\":\"https:\\\/\\\/kuali.com.mx\\\/web\\\/2022\\\/07\\\/14\\\/emergencia-por-sequia-en-guanajuato\\\/#article\",\"isPartOf\":{\"@id\":\"https:\\\/\\\/kuali.com.mx\\\/web\\\/2022\\\/07\\\/14\\\/emergencia-por-sequia-en-guanajuato\\\/\"},\"author\":{\"name\":\"Kuali Staff\",\"@id\":\"https:\\\/\\\/kuali.com.mx\\\/web\\\/#\\\/schema\\\/person\\\/6f89ffa8ecba9dae50662357923c5289\"},\"headline\":\"EMERGENCIA POR SEQU\u00cdA EN GUANAJUATO\",\"datePublished\":\"2022-07-14T20:54:16+00:00\",\"dateModified\":\"2022-07-15T02:31:28+00:00\",\"mainEntityOfPage\":{\"@id\":\"https:\\\/\\\/kuali.com.mx\\\/web\\\/2022\\\/07\\\/14\\\/emergencia-por-sequia-en-guanajuato\\\/\"},\"wordCount\":444,\"commentCount\":0,\"image\":{\"@id\":\"https:\\\/\\\/kuali.com.mx\\\/web\\\/2022\\\/07\\\/14\\\/emergencia-por-sequia-en-guanajuato\\\/#primaryimage\"},\"thumbnailUrl\":\"https:\\\/\\\/kuali.com.mx\\\/web\\\/wp-content\\\/uploads\\\/2022\\\/07\\\/Sequia.gif\",\"keywords\":[\"Emergencia por sequ\u00eda\",\"Guanajuato\",\"Medio ambiente\"],\"articleSection\":[\"Ecolog\u00eda\",\"slider\"],\"inLanguage\":\"es\",\"potentialAction\":[{\"@type\":\"CommentAction\",\"name\":\"Comment\",\"target\":[\"https:\\\/\\\/kuali.com.mx\\\/web\\\/2022\\\/07\\\/14\\\/emergencia-por-sequia-en-guanajuato\\\/#respond\"]}]},{\"@type\":\"WebPage\",\"@id\":\"https:\\\/\\\/kuali.com.mx\\\/web\\\/2022\\\/07\\\/14\\\/emergencia-por-sequia-en-guanajuato\\\/\",\"url\":\"https:\\\/\\\/kuali.com.mx\\\/web\\\/2022\\\/07\\\/14\\\/emergencia-por-sequia-en-guanajuato\\\/\",\"name\":\"EMERGENCIA POR SEQU\u00cdA EN GUANAJUATO - Kuali\",\"isPartOf\":{\"@id\":\"https:\\\/\\\/kuali.com.mx\\\/web\\\/#website\"},\"primaryImageOfPage\":{\"@id\":\"https:\\\/\\\/kuali.com.mx\\\/web\\\/2022\\\/07\\\/14\\\/emergencia-por-sequia-en-guanajuato\\\/#primaryimage\"},\"image\":{\"@id\":\"https:\\\/\\\/kuali.com.mx\\\/web\\\/2022\\\/07\\\/14\\\/emergencia-por-sequia-en-guanajuato\\\/#primaryimage\"},\"thumbnailUrl\":\"https:\\\/\\\/kuali.com.mx\\\/web\\\/wp-content\\\/uploads\\\/2022\\\/07\\\/Sequia.gif\",\"datePublished\":\"2022-07-14T20:54:16+00:00\",\"dateModified\":\"2022-07-15T02:31:28+00:00\",\"author\":{\"@id\":\"https:\\\/\\\/kuali.com.mx\\\/web\\\/#\\\/schema\\\/person\\\/6f89ffa8ecba9dae50662357923c5289\"},\"breadcrumb\":{\"@id\":\"https:\\\/\\\/kuali.com.mx\\\/web\\\/2022\\\/07\\\/14\\\/emergencia-por-sequia-en-guanajuato\\\/#breadcrumb\"},\"inLanguage\":\"es\",\"potentialAction\":[{\"@type\":\"ReadAction\",\"target\":[\"https:\\\/\\\/kuali.com.mx\\\/web\\\/2022\\\/07\\\/14\\\/emergencia-por-sequia-en-guanajuato\\\/\"]}]},{\"@type\":\"ImageObject\",\"inLanguage\":\"es\",\"@id\":\"https:\\\/\\\/kuali.com.mx\\\/web\\\/2022\\\/07\\\/14\\\/emergencia-por-sequia-en-guanajuato\\\/#primaryimage\",\"url\":\"https:\\\/\\\/kuali.com.mx\\\/web\\\/wp-content\\\/uploads\\\/2022\\\/07\\\/Sequia.gif\",\"contentUrl\":\"https:\\\/\\\/kuali.com.mx\\\/web\\\/wp-content\\\/uploads\\\/2022\\\/07\\\/Sequia.gif\",\"width\":1900,\"height\":750},{\"@type\":\"BreadcrumbList\",\"@id\":\"https:\\\/\\\/kuali.com.mx\\\/web\\\/2022\\\/07\\\/14\\\/emergencia-por-sequia-en-guanajuato\\\/#breadcrumb\",\"itemListElement\":[{\"@type\":\"ListItem\",\"position\":1,\"name\":\"Inicio\",\"item\":\"https:\\\/\\\/kuali.com.mx\\\/web\\\/\"},{\"@type\":\"ListItem\",\"position\":2,\"name\":\"EMERGENCIA POR SEQU\u00cdA EN GUANAJUATO\"}]},{\"@type\":\"WebSite\",\"@id\":\"https:\\\/\\\/kuali.com.mx\\\/web\\\/#website\",\"url\":\"https:\\\/\\\/kuali.com.mx\\\/web\\\/\",\"name\":\"Kuali\",\"description\":\"\",\"potentialAction\":[{\"@type\":\"SearchAction\",\"target\":{\"@type\":\"EntryPoint\",\"urlTemplate\":\"https:\\\/\\\/kuali.com.mx\\\/web\\\/?s={search_term_string}\"},\"query-input\":{\"@type\":\"PropertyValueSpecification\",\"valueRequired\":true,\"valueName\":\"search_term_string\"}}],\"inLanguage\":\"es\"},{\"@type\":\"Person\",\"@id\":\"https:\\\/\\\/kuali.com.mx\\\/web\\\/#\\\/schema\\\/person\\\/6f89ffa8ecba9dae50662357923c5289\",\"name\":\"Kuali Staff\",\"image\":{\"@type\":\"ImageObject\",\"inLanguage\":\"es\",\"@id\":\"https:\\\/\\\/secure.gravatar.com\\\/avatar\\\/f917ad82e5ab71227a733c78b6e60715476f69ee6be59feee4eb5d9920c89e0f?s=96&d=mm&r=g\",\"url\":\"https:\\\/\\\/secure.gravatar.com\\\/avatar\\\/f917ad82e5ab71227a733c78b6e60715476f69ee6be59feee4eb5d9920c89e0f?s=96&d=mm&r=g\",\"contentUrl\":\"https:\\\/\\\/secure.gravatar.com\\\/avatar\\\/f917ad82e5ab71227a733c78b6e60715476f69ee6be59feee4eb5d9920c89e0f?s=96&d=mm&r=g\",\"caption\":\"Kuali Staff\"},\"url\":\"https:\\\/\\\/kuali.com.mx\\\/web\\\/author\\\/lagarto\\\/\"}]}<\/script>\n<!-- \/ Yoast SEO plugin. -->","yoast_head_json":{"title":"EMERGENCIA POR SEQU\u00cdA EN GUANAJUATO - Kuali","robots":{"index":"index","follow":"follow","max-snippet":"max-snippet:-1","max-image-preview":"max-image-preview:large","max-video-preview":"max-video-preview:-1"},"canonical":"https:\/\/kuali.com.mx\/web\/2022\/07\/14\/emergencia-por-sequia-en-guanajuato\/","og_locale":"es_MX","og_type":"article","og_title":"EMERGENCIA POR SEQU\u00cdA EN GUANAJUATO - Kuali","og_description":"Alicia Arias\/Le\u00f3n, Gto.- El estado de Guanajuato vive un estado de emergencia por la sequ\u00eda que afecta al 96.7 por ciento de su territorio. Los 46 municipios padecen sequ\u00eda, pero en 33 de ellos es m\u00e1s que anormal, y va de moderada a severa. As\u00ed lo dio a conocer la Comisi\u00f3n Nacional del Agua (Conagua) [&hellip;]","og_url":"https:\/\/kuali.com.mx\/web\/2022\/07\/14\/emergencia-por-sequia-en-guanajuato\/","og_site_name":"Kuali","article_publisher":"https:\/\/kuali.com.mx\/web\/wp-content\/uploads\/2018\/04\/cropped-kuali_logo-1-1.png","article_published_time":"2022-07-14T20:54:16+00:00","article_modified_time":"2022-07-15T02:31:28+00:00","og_image":[{"width":1900,"height":750,"url":"https:\/\/kuali.com.mx\/web\/wp-content\/uploads\/2022\/07\/Sequia.gif","type":"image\/gif"}],"author":"Kuali Staff","twitter_card":"summary_large_image","twitter_creator":"@kuali_noticias","twitter_site":"@kuali_noticias","twitter_misc":{"Escrito por":"Kuali Staff","Tiempo de lectura":"2 minutos"},"schema":{"@context":"https:\/\/schema.org","@graph":[{"@type":"Article","@id":"https:\/\/kuali.com.mx\/web\/2022\/07\/14\/emergencia-por-sequia-en-guanajuato\/#article","isPartOf":{"@id":"https:\/\/kuali.com.mx\/web\/2022\/07\/14\/emergencia-por-sequia-en-guanajuato\/"},"author":{"name":"Kuali Staff","@id":"https:\/\/kuali.com.mx\/web\/#\/schema\/person\/6f89ffa8ecba9dae50662357923c5289"},"headline":"EMERGENCIA POR SEQU\u00cdA EN GUANAJUATO","datePublished":"2022-07-14T20:54:16+00:00","dateModified":"2022-07-15T02:31:28+00:00","mainEntityOfPage":{"@id":"https:\/\/kuali.com.mx\/web\/2022\/07\/14\/emergencia-por-sequia-en-guanajuato\/"},"wordCount":444,"commentCount":0,"image":{"@id":"https:\/\/kuali.com.mx\/web\/2022\/07\/14\/emergencia-por-sequia-en-guanajuato\/#primaryimage"},"thumbnailUrl":"https:\/\/kuali.com.mx\/web\/wp-content\/uploads\/2022\/07\/Sequia.gif","keywords":["Emergencia por sequ\u00eda","Guanajuato","Medio ambiente"],"articleSection":["Ecolog\u00eda","slider"],"inLanguage":"es","potentialAction":[{"@type":"CommentAction","name":"Comment","target":["https:\/\/kuali.com.mx\/web\/2022\/07\/14\/emergencia-por-sequia-en-guanajuato\/#respond"]}]},{"@type":"WebPage","@id":"https:\/\/kuali.com.mx\/web\/2022\/07\/14\/emergencia-por-sequia-en-guanajuato\/","url":"https:\/\/kuali.com.mx\/web\/2022\/07\/14\/emergencia-por-sequia-en-guanajuato\/","name":"EMERGENCIA POR SEQU\u00cdA EN GUANAJUATO - Kuali","isPartOf":{"@id":"https:\/\/kuali.com.mx\/web\/#website"},"primaryImageOfPage":{"@id":"https:\/\/kuali.com.mx\/web\/2022\/07\/14\/emergencia-por-sequia-en-guanajuato\/#primaryimage"},"image":{"@id":"https:\/\/kuali.com.mx\/web\/2022\/07\/14\/emergencia-por-sequia-en-guanajuato\/#primaryimage"},"thumbnailUrl":"https:\/\/kuali.com.mx\/web\/wp-content\/uploads\/2022\/07\/Sequia.gif","datePublished":"2022-07-14T20:54:16+00:00","dateModified":"2022-07-15T02:31:28+00:00","author":{"@id":"https:\/\/kuali.com.mx\/web\/#\/schema\/person\/6f89ffa8ecba9dae50662357923c5289"},"breadcrumb":{"@id":"https:\/\/kuali.com.mx\/web\/2022\/07\/14\/emergencia-por-sequia-en-guanajuato\/#breadcrumb"},"inLanguage":"es","potentialAction":[{"@type":"ReadAction","target":["https:\/\/kuali.com.mx\/web\/2022\/07\/14\/emergencia-por-sequia-en-guanajuato\/"]}]},{"@type":"ImageObject","inLanguage":"es","@id":"https:\/\/kuali.com.mx\/web\/2022\/07\/14\/emergencia-por-sequia-en-guanajuato\/#primaryimage","url":"https:\/\/kuali.com.mx\/web\/wp-content\/uploads\/2022\/07\/Sequia.gif","contentUrl":"https:\/\/kuali.com.mx\/web\/wp-content\/uploads\/2022\/07\/Sequia.gif","width":1900,"height":750},{"@type":"BreadcrumbList","@id":"https:\/\/kuali.com.mx\/web\/2022\/07\/14\/emergencia-por-sequia-en-guanajuato\/#breadcrumb","itemListElement":[{"@type":"ListItem","position":1,"name":"Inicio","item":"https:\/\/kuali.com.mx\/web\/"},{"@type":"ListItem","position":2,"name":"EMERGENCIA POR SEQU\u00cdA EN GUANAJUATO"}]},{"@type":"WebSite","@id":"https:\/\/kuali.com.mx\/web\/#website","url":"https:\/\/kuali.com.mx\/web\/","name":"Kuali","description":"","potentialAction":[{"@type":"SearchAction","target":{"@type":"EntryPoint","urlTemplate":"https:\/\/kuali.com.mx\/web\/?s={search_term_string}"},"query-input":{"@type":"PropertyValueSpecification","valueRequired":true,"valueName":"search_term_string"}}],"inLanguage":"es"},{"@type":"Person","@id":"https:\/\/kuali.com.mx\/web\/#\/schema\/person\/6f89ffa8ecba9dae50662357923c5289","name":"Kuali Staff","image":{"@type":"ImageObject","inLanguage":"es","@id":"https:\/\/secure.gravatar.com\/avatar\/f917ad82e5ab71227a733c78b6e60715476f69ee6be59feee4eb5d9920c89e0f?s=96&d=mm&r=g","url":"https:\/\/secure.gravatar.com\/avatar\/f917ad82e5ab71227a733c78b6e60715476f69ee6be59feee4eb5d9920c89e0f?s=96&d=mm&r=g","contentUrl":"https:\/\/secure.gravatar.com\/avatar\/f917ad82e5ab71227a733c78b6e60715476f69ee6be59feee4eb5d9920c89e0f?s=96&d=mm&r=g","caption":"Kuali Staff"},"url":"https:\/\/kuali.com.mx\/web\/author\/lagarto\/"}]}},"_links":{"self":[{"href":"https:\/\/kuali.com.mx\/web\/wp-json\/wp\/v2\/posts\/100345","targetHints":{"allow":["GET"]}}],"collection":[{"href":"https:\/\/kuali.com.mx\/web\/wp-json\/wp\/v2\/posts"}],"about":[{"href":"https:\/\/kuali.com.mx\/web\/wp-json\/wp\/v2\/types\/post"}],"author":[{"embeddable":true,"href":"https:\/\/kuali.com.mx\/web\/wp-json\/wp\/v2\/users\/2"}],"replies":[{"embeddable":true,"href":"https:\/\/kuali.com.mx\/web\/wp-json\/wp\/v2\/comments?post=100345"}],"version-history":[{"count":2,"href":"https:\/\/kuali.com.mx\/web\/wp-json\/wp\/v2\/posts\/100345\/revisions"}],"predecessor-version":[{"id":100357,"href":"https:\/\/kuali.com.mx\/web\/wp-json\/wp\/v2\/posts\/100345\/revisions\/100357"}],"wp:featuredmedia":[{"embeddable":true,"href":"https:\/\/kuali.com.mx\/web\/wp-json\/wp\/v2\/media\/100354"}],"wp:attachment":[{"href":"https:\/\/kuali.com.mx\/web\/wp-json\/wp\/v2\/media?parent=100345"}],"wp:term":[{"taxonomy":"category","embeddable":true,"href":"https:\/\/kuali.com.mx\/web\/wp-json\/wp\/v2\/categories?post=100345"},{"taxonomy":"post_tag","embeddable":true,"href":"https:\/\/kuali.com.mx\/web\/wp-json\/wp\/v2\/tags?post=100345"}],"curies":[{"name":"wp","href":"https:\/\/api.w.org\/{rel}","templated":true}]}}