{"id":100324,"date":"2022-07-14T08:33:43","date_gmt":"2022-07-14T14:33:43","guid":{"rendered":"https:\/\/kuali.com.mx\/web\/?p=100324"},"modified":"2022-07-14T08:33:44","modified_gmt":"2022-07-14T14:33:44","slug":"arrebata-liderato-austin-fc-a-lafc-en-la-mls","status":"publish","type":"post","link":"https:\/\/kuali.com.mx\/web\/2022\/07\/14\/arrebata-liderato-austin-fc-a-lafc-en-la-mls\/","title":{"rendered":"ARREBATA LIDERATO AUSTIN FC A LAFC EN LA MLS"},"content":{"rendered":"\n<p><em><strong>MariLuz Medina\/\u00a0Austin, Texas<\/strong><\/em>.-\u00a0Austin FC, sube al liderato general de la Conferencia del Oeste y de la Major League Soccer, luego de concluir la Jornada 20, que se jugo el martes 12 y mi\u00e9rcoles 13 de julio, para aventajar fechas y as\u00ed terminar antes de la celebraci\u00f3n de la Copa del Mundo.<br>El triunfo que logr\u00f3 el equipo esmeralda de Austin FC sobre Houston Dynamo, le encumbro al primer lugar, que era ocupado por LAFC, pues los \"texanos\" llegaron a 40 unidades, por 39 de los \"angelinos\".<br>La intensa actividad de la MLS a mitad de semana, arroj\u00f3 resultados sorpresivos que han reflejado cambos en las posiciones en ambas conferencias, pero hay equipos que definitivamente no pueden salir del bache en el que est\u00e1n atrapados.<\/p>\n\n\n\n<p>Philadelphia logr\u00f3 continuar en la cima de la Conferencia del Oeste, pero le sigue muy de cerca New York City FC, el actual campe\u00f3n de la MLS, que desea seguir siendo de los lideres del campeonato.<br>Los resultados fueron as\u00ed. Atlanta United 2, Real Salt Lake 1; FC Cincinnati 2, Vancouver Whitecaps 2; Philadelphia Union 2, Inter Miami CF 1; Minnesota United 1, Sporting Kansas City 1; DC United 2, Columbus Crew 2; Chicago Fire 2, Toronto FC 0; Nashville 1, Seattle Sounders 0; Colorado Rapids 1, Orlando City SC 1; New York City FC 1, FC Dallas 0.<\/p>\n\n\n\n<figure class=\"wp-block-image size-large\"><img loading=\"lazy\" decoding=\"async\" width=\"1024\" height=\"494\" src=\"https:\/\/kuali.com.mx\/web\/wp-content\/uploads\/2022\/07\/austin-2-1024x494.jpg\" alt=\"\" class=\"wp-image-100327\" srcset=\"https:\/\/kuali.com.mx\/web\/wp-content\/uploads\/2022\/07\/austin-2-1024x494.jpg 1024w, https:\/\/kuali.com.mx\/web\/wp-content\/uploads\/2022\/07\/austin-2-300x145.jpg 300w, https:\/\/kuali.com.mx\/web\/wp-content\/uploads\/2022\/07\/austin-2-768x370.jpg 768w, https:\/\/kuali.com.mx\/web\/wp-content\/uploads\/2022\/07\/austin-2-1536x741.jpg 1536w, https:\/\/kuali.com.mx\/web\/wp-content\/uploads\/2022\/07\/austin-2-228x110.jpg 228w, https:\/\/kuali.com.mx\/web\/wp-content\/uploads\/2022\/07\/austin-2.jpg 1555w\" sizes=\"auto, (max-width: 1024px) 100vw, 1024px\" \/><\/figure>\n\n\n","protected":false},"excerpt":{"rendered":"MariLuz Medina\/\u00a0Austin, Texas.-\u00a0Austin FC, sube al liderato general de la Conferencia del Oeste y de la Major League Soccer, luego de concluir la Jornada 20, que se jugo el martes 12 y mi\u00e9rcoles 13 de julio, para aventajar fechas y as\u00ed terminar antes de la celebraci\u00f3n de la Copa del Mundo.El triunfo que logr\u00f3 el [&hellip;]","protected":false},"author":2,"featured_media":100326,"comment_status":"open","ping_status":"open","sticky":false,"template":"","format":"standard","meta":{"_seopress_robots_primary_cat":"none","_seopress_titles_title":"","_seopress_titles_desc":"","_seopress_robots_index":"","_monsterinsights_skip_tracking":false,"_monsterinsights_sitenote_active":false,"_monsterinsights_sitenote_note":"","_monsterinsights_sitenote_category":0,"footnotes":""},"categories":[16],"tags":[],"class_list":["post-100324","post","type-post","status-publish","format-standard","has-post-thumbnail","hentry","category-deportes"],"yoast_head":"<!-- This site is optimized with the Yoast SEO plugin v27.4 - https:\/\/yoast.com\/product\/yoast-seo-wordpress\/ -->\n<title>ARREBATA LIDERATO AUSTIN FC A LAFC EN LA MLS - Kuali<\/title>\n<meta name=\"robots\" content=\"index, follow, max-snippet:-1, max-image-preview:large, max-video-preview:-1\" \/>\n<link rel=\"canonical\" href=\"https:\/\/kuali.com.mx\/web\/2022\/07\/14\/arrebata-liderato-austin-fc-a-lafc-en-la-mls\/\" \/>\n<meta property=\"og:locale\" content=\"es_MX\" \/>\n<meta property=\"og:type\" content=\"article\" \/>\n<meta property=\"og:title\" content=\"ARREBATA LIDERATO AUSTIN FC A LAFC EN LA MLS - Kuali\" \/>\n<meta property=\"og:description\" content=\"MariLuz Medina\/\u00a0Austin, Texas.-\u00a0Austin FC, sube al liderato general de la Conferencia del Oeste y de la Major League Soccer, luego de concluir la Jornada 20, que se jugo el martes 12 y mi\u00e9rcoles 13 de julio, para aventajar fechas y as\u00ed terminar antes de la celebraci\u00f3n de la Copa del Mundo.El triunfo que logr\u00f3 el [&hellip;]\" \/>\n<meta property=\"og:url\" content=\"https:\/\/kuali.com.mx\/web\/2022\/07\/14\/arrebata-liderato-austin-fc-a-lafc-en-la-mls\/\" \/>\n<meta property=\"og:site_name\" content=\"Kuali\" \/>\n<meta property=\"article:publisher\" content=\"https:\/\/kuali.com.mx\/web\/wp-content\/uploads\/2018\/04\/cropped-kuali_logo-1-1.png\" \/>\n<meta property=\"article:published_time\" content=\"2022-07-14T14:33:43+00:00\" \/>\n<meta property=\"article:modified_time\" content=\"2022-07-14T14:33:44+00:00\" \/>\n<meta property=\"og:image\" content=\"https:\/\/kuali.com.mx\/web\/wp-content\/uploads\/2022\/07\/austin-1.jpg\" \/>\n\t<meta property=\"og:image:width\" content=\"1418\" \/>\n\t<meta property=\"og:image:height\" content=\"750\" \/>\n\t<meta property=\"og:image:type\" content=\"image\/jpeg\" \/>\n<meta name=\"author\" content=\"Kuali Staff\" \/>\n<meta name=\"twitter:card\" content=\"summary_large_image\" \/>\n<meta name=\"twitter:creator\" content=\"@kuali_noticias\" \/>\n<meta name=\"twitter:site\" content=\"@kuali_noticias\" \/>\n<meta name=\"twitter:label1\" content=\"Escrito por\" \/>\n\t<meta name=\"twitter:data1\" content=\"Kuali Staff\" \/>\n\t<meta name=\"twitter:label2\" content=\"Tiempo de lectura\" \/>\n\t<meta name=\"twitter:data2\" content=\"1 minuto\" \/>\n<script type=\"application\/ld+json\" class=\"yoast-schema-graph\">{\"@context\":\"https:\\\/\\\/schema.org\",\"@graph\":[{\"@type\":\"Article\",\"@id\":\"https:\\\/\\\/kuali.com.mx\\\/web\\\/2022\\\/07\\\/14\\\/arrebata-liderato-austin-fc-a-lafc-en-la-mls\\\/#article\",\"isPartOf\":{\"@id\":\"https:\\\/\\\/kuali.com.mx\\\/web\\\/2022\\\/07\\\/14\\\/arrebata-liderato-austin-fc-a-lafc-en-la-mls\\\/\"},\"author\":{\"name\":\"Kuali Staff\",\"@id\":\"https:\\\/\\\/kuali.com.mx\\\/web\\\/#\\\/schema\\\/person\\\/6f89ffa8ecba9dae50662357923c5289\"},\"headline\":\"ARREBATA LIDERATO AUSTIN FC A LAFC EN LA MLS\",\"datePublished\":\"2022-07-14T14:33:43+00:00\",\"dateModified\":\"2022-07-14T14:33:44+00:00\",\"mainEntityOfPage\":{\"@id\":\"https:\\\/\\\/kuali.com.mx\\\/web\\\/2022\\\/07\\\/14\\\/arrebata-liderato-austin-fc-a-lafc-en-la-mls\\\/\"},\"wordCount\":216,\"commentCount\":0,\"image\":{\"@id\":\"https:\\\/\\\/kuali.com.mx\\\/web\\\/2022\\\/07\\\/14\\\/arrebata-liderato-austin-fc-a-lafc-en-la-mls\\\/#primaryimage\"},\"thumbnailUrl\":\"https:\\\/\\\/kuali.com.mx\\\/web\\\/wp-content\\\/uploads\\\/2022\\\/07\\\/austin-1.jpg\",\"articleSection\":[\"Deportes\"],\"inLanguage\":\"es\",\"potentialAction\":[{\"@type\":\"CommentAction\",\"name\":\"Comment\",\"target\":[\"https:\\\/\\\/kuali.com.mx\\\/web\\\/2022\\\/07\\\/14\\\/arrebata-liderato-austin-fc-a-lafc-en-la-mls\\\/#respond\"]}]},{\"@type\":\"WebPage\",\"@id\":\"https:\\\/\\\/kuali.com.mx\\\/web\\\/2022\\\/07\\\/14\\\/arrebata-liderato-austin-fc-a-lafc-en-la-mls\\\/\",\"url\":\"https:\\\/\\\/kuali.com.mx\\\/web\\\/2022\\\/07\\\/14\\\/arrebata-liderato-austin-fc-a-lafc-en-la-mls\\\/\",\"name\":\"ARREBATA LIDERATO AUSTIN FC A LAFC EN LA MLS - Kuali\",\"isPartOf\":{\"@id\":\"https:\\\/\\\/kuali.com.mx\\\/web\\\/#website\"},\"primaryImageOfPage\":{\"@id\":\"https:\\\/\\\/kuali.com.mx\\\/web\\\/2022\\\/07\\\/14\\\/arrebata-liderato-austin-fc-a-lafc-en-la-mls\\\/#primaryimage\"},\"image\":{\"@id\":\"https:\\\/\\\/kuali.com.mx\\\/web\\\/2022\\\/07\\\/14\\\/arrebata-liderato-austin-fc-a-lafc-en-la-mls\\\/#primaryimage\"},\"thumbnailUrl\":\"https:\\\/\\\/kuali.com.mx\\\/web\\\/wp-content\\\/uploads\\\/2022\\\/07\\\/austin-1.jpg\",\"datePublished\":\"2022-07-14T14:33:43+00:00\",\"dateModified\":\"2022-07-14T14:33:44+00:00\",\"author\":{\"@id\":\"https:\\\/\\\/kuali.com.mx\\\/web\\\/#\\\/schema\\\/person\\\/6f89ffa8ecba9dae50662357923c5289\"},\"breadcrumb\":{\"@id\":\"https:\\\/\\\/kuali.com.mx\\\/web\\\/2022\\\/07\\\/14\\\/arrebata-liderato-austin-fc-a-lafc-en-la-mls\\\/#breadcrumb\"},\"inLanguage\":\"es\",\"potentialAction\":[{\"@type\":\"ReadAction\",\"target\":[\"https:\\\/\\\/kuali.com.mx\\\/web\\\/2022\\\/07\\\/14\\\/arrebata-liderato-austin-fc-a-lafc-en-la-mls\\\/\"]}]},{\"@type\":\"ImageObject\",\"inLanguage\":\"es\",\"@id\":\"https:\\\/\\\/kuali.com.mx\\\/web\\\/2022\\\/07\\\/14\\\/arrebata-liderato-austin-fc-a-lafc-en-la-mls\\\/#primaryimage\",\"url\":\"https:\\\/\\\/kuali.com.mx\\\/web\\\/wp-content\\\/uploads\\\/2022\\\/07\\\/austin-1.jpg\",\"contentUrl\":\"https:\\\/\\\/kuali.com.mx\\\/web\\\/wp-content\\\/uploads\\\/2022\\\/07\\\/austin-1.jpg\",\"width\":1418,\"height\":750},{\"@type\":\"BreadcrumbList\",\"@id\":\"https:\\\/\\\/kuali.com.mx\\\/web\\\/2022\\\/07\\\/14\\\/arrebata-liderato-austin-fc-a-lafc-en-la-mls\\\/#breadcrumb\",\"itemListElement\":[{\"@type\":\"ListItem\",\"position\":1,\"name\":\"Inicio\",\"item\":\"https:\\\/\\\/kuali.com.mx\\\/web\\\/\"},{\"@type\":\"ListItem\",\"position\":2,\"name\":\"ARREBATA LIDERATO AUSTIN FC A LAFC EN LA MLS\"}]},{\"@type\":\"WebSite\",\"@id\":\"https:\\\/\\\/kuali.com.mx\\\/web\\\/#website\",\"url\":\"https:\\\/\\\/kuali.com.mx\\\/web\\\/\",\"name\":\"Kuali\",\"description\":\"\",\"potentialAction\":[{\"@type\":\"SearchAction\",\"target\":{\"@type\":\"EntryPoint\",\"urlTemplate\":\"https:\\\/\\\/kuali.com.mx\\\/web\\\/?s={search_term_string}\"},\"query-input\":{\"@type\":\"PropertyValueSpecification\",\"valueRequired\":true,\"valueName\":\"search_term_string\"}}],\"inLanguage\":\"es\"},{\"@type\":\"Person\",\"@id\":\"https:\\\/\\\/kuali.com.mx\\\/web\\\/#\\\/schema\\\/person\\\/6f89ffa8ecba9dae50662357923c5289\",\"name\":\"Kuali Staff\",\"image\":{\"@type\":\"ImageObject\",\"inLanguage\":\"es\",\"@id\":\"https:\\\/\\\/secure.gravatar.com\\\/avatar\\\/f917ad82e5ab71227a733c78b6e60715476f69ee6be59feee4eb5d9920c89e0f?s=96&d=mm&r=g\",\"url\":\"https:\\\/\\\/secure.gravatar.com\\\/avatar\\\/f917ad82e5ab71227a733c78b6e60715476f69ee6be59feee4eb5d9920c89e0f?s=96&d=mm&r=g\",\"contentUrl\":\"https:\\\/\\\/secure.gravatar.com\\\/avatar\\\/f917ad82e5ab71227a733c78b6e60715476f69ee6be59feee4eb5d9920c89e0f?s=96&d=mm&r=g\",\"caption\":\"Kuali Staff\"},\"url\":\"https:\\\/\\\/kuali.com.mx\\\/web\\\/author\\\/lagarto\\\/\"}]}<\/script>\n<!-- \/ Yoast SEO plugin. -->","yoast_head_json":{"title":"ARREBATA LIDERATO AUSTIN FC A LAFC EN LA MLS - Kuali","robots":{"index":"index","follow":"follow","max-snippet":"max-snippet:-1","max-image-preview":"max-image-preview:large","max-video-preview":"max-video-preview:-1"},"canonical":"https:\/\/kuali.com.mx\/web\/2022\/07\/14\/arrebata-liderato-austin-fc-a-lafc-en-la-mls\/","og_locale":"es_MX","og_type":"article","og_title":"ARREBATA LIDERATO AUSTIN FC A LAFC EN LA MLS - Kuali","og_description":"MariLuz Medina\/\u00a0Austin, Texas.-\u00a0Austin FC, sube al liderato general de la Conferencia del Oeste y de la Major League Soccer, luego de concluir la Jornada 20, que se jugo el martes 12 y mi\u00e9rcoles 13 de julio, para aventajar fechas y as\u00ed terminar antes de la celebraci\u00f3n de la Copa del Mundo.El triunfo que logr\u00f3 el [&hellip;]","og_url":"https:\/\/kuali.com.mx\/web\/2022\/07\/14\/arrebata-liderato-austin-fc-a-lafc-en-la-mls\/","og_site_name":"Kuali","article_publisher":"https:\/\/kuali.com.mx\/web\/wp-content\/uploads\/2018\/04\/cropped-kuali_logo-1-1.png","article_published_time":"2022-07-14T14:33:43+00:00","article_modified_time":"2022-07-14T14:33:44+00:00","og_image":[{"width":1418,"height":750,"url":"https:\/\/kuali.com.mx\/web\/wp-content\/uploads\/2022\/07\/austin-1.jpg","type":"image\/jpeg"}],"author":"Kuali Staff","twitter_card":"summary_large_image","twitter_creator":"@kuali_noticias","twitter_site":"@kuali_noticias","twitter_misc":{"Escrito por":"Kuali Staff","Tiempo de lectura":"1 minuto"},"schema":{"@context":"https:\/\/schema.org","@graph":[{"@type":"Article","@id":"https:\/\/kuali.com.mx\/web\/2022\/07\/14\/arrebata-liderato-austin-fc-a-lafc-en-la-mls\/#article","isPartOf":{"@id":"https:\/\/kuali.com.mx\/web\/2022\/07\/14\/arrebata-liderato-austin-fc-a-lafc-en-la-mls\/"},"author":{"name":"Kuali Staff","@id":"https:\/\/kuali.com.mx\/web\/#\/schema\/person\/6f89ffa8ecba9dae50662357923c5289"},"headline":"ARREBATA LIDERATO AUSTIN FC A LAFC EN LA MLS","datePublished":"2022-07-14T14:33:43+00:00","dateModified":"2022-07-14T14:33:44+00:00","mainEntityOfPage":{"@id":"https:\/\/kuali.com.mx\/web\/2022\/07\/14\/arrebata-liderato-austin-fc-a-lafc-en-la-mls\/"},"wordCount":216,"commentCount":0,"image":{"@id":"https:\/\/kuali.com.mx\/web\/2022\/07\/14\/arrebata-liderato-austin-fc-a-lafc-en-la-mls\/#primaryimage"},"thumbnailUrl":"https:\/\/kuali.com.mx\/web\/wp-content\/uploads\/2022\/07\/austin-1.jpg","articleSection":["Deportes"],"inLanguage":"es","potentialAction":[{"@type":"CommentAction","name":"Comment","target":["https:\/\/kuali.com.mx\/web\/2022\/07\/14\/arrebata-liderato-austin-fc-a-lafc-en-la-mls\/#respond"]}]},{"@type":"WebPage","@id":"https:\/\/kuali.com.mx\/web\/2022\/07\/14\/arrebata-liderato-austin-fc-a-lafc-en-la-mls\/","url":"https:\/\/kuali.com.mx\/web\/2022\/07\/14\/arrebata-liderato-austin-fc-a-lafc-en-la-mls\/","name":"ARREBATA LIDERATO AUSTIN FC A LAFC EN LA MLS - Kuali","isPartOf":{"@id":"https:\/\/kuali.com.mx\/web\/#website"},"primaryImageOfPage":{"@id":"https:\/\/kuali.com.mx\/web\/2022\/07\/14\/arrebata-liderato-austin-fc-a-lafc-en-la-mls\/#primaryimage"},"image":{"@id":"https:\/\/kuali.com.mx\/web\/2022\/07\/14\/arrebata-liderato-austin-fc-a-lafc-en-la-mls\/#primaryimage"},"thumbnailUrl":"https:\/\/kuali.com.mx\/web\/wp-content\/uploads\/2022\/07\/austin-1.jpg","datePublished":"2022-07-14T14:33:43+00:00","dateModified":"2022-07-14T14:33:44+00:00","author":{"@id":"https:\/\/kuali.com.mx\/web\/#\/schema\/person\/6f89ffa8ecba9dae50662357923c5289"},"breadcrumb":{"@id":"https:\/\/kuali.com.mx\/web\/2022\/07\/14\/arrebata-liderato-austin-fc-a-lafc-en-la-mls\/#breadcrumb"},"inLanguage":"es","potentialAction":[{"@type":"ReadAction","target":["https:\/\/kuali.com.mx\/web\/2022\/07\/14\/arrebata-liderato-austin-fc-a-lafc-en-la-mls\/"]}]},{"@type":"ImageObject","inLanguage":"es","@id":"https:\/\/kuali.com.mx\/web\/2022\/07\/14\/arrebata-liderato-austin-fc-a-lafc-en-la-mls\/#primaryimage","url":"https:\/\/kuali.com.mx\/web\/wp-content\/uploads\/2022\/07\/austin-1.jpg","contentUrl":"https:\/\/kuali.com.mx\/web\/wp-content\/uploads\/2022\/07\/austin-1.jpg","width":1418,"height":750},{"@type":"BreadcrumbList","@id":"https:\/\/kuali.com.mx\/web\/2022\/07\/14\/arrebata-liderato-austin-fc-a-lafc-en-la-mls\/#breadcrumb","itemListElement":[{"@type":"ListItem","position":1,"name":"Inicio","item":"https:\/\/kuali.com.mx\/web\/"},{"@type":"ListItem","position":2,"name":"ARREBATA LIDERATO AUSTIN FC A LAFC EN LA MLS"}]},{"@type":"WebSite","@id":"https:\/\/kuali.com.mx\/web\/#website","url":"https:\/\/kuali.com.mx\/web\/","name":"Kuali","description":"","potentialAction":[{"@type":"SearchAction","target":{"@type":"EntryPoint","urlTemplate":"https:\/\/kuali.com.mx\/web\/?s={search_term_string}"},"query-input":{"@type":"PropertyValueSpecification","valueRequired":true,"valueName":"search_term_string"}}],"inLanguage":"es"},{"@type":"Person","@id":"https:\/\/kuali.com.mx\/web\/#\/schema\/person\/6f89ffa8ecba9dae50662357923c5289","name":"Kuali Staff","image":{"@type":"ImageObject","inLanguage":"es","@id":"https:\/\/secure.gravatar.com\/avatar\/f917ad82e5ab71227a733c78b6e60715476f69ee6be59feee4eb5d9920c89e0f?s=96&d=mm&r=g","url":"https:\/\/secure.gravatar.com\/avatar\/f917ad82e5ab71227a733c78b6e60715476f69ee6be59feee4eb5d9920c89e0f?s=96&d=mm&r=g","contentUrl":"https:\/\/secure.gravatar.com\/avatar\/f917ad82e5ab71227a733c78b6e60715476f69ee6be59feee4eb5d9920c89e0f?s=96&d=mm&r=g","caption":"Kuali Staff"},"url":"https:\/\/kuali.com.mx\/web\/author\/lagarto\/"}]}},"_links":{"self":[{"href":"https:\/\/kuali.com.mx\/web\/wp-json\/wp\/v2\/posts\/100324","targetHints":{"allow":["GET"]}}],"collection":[{"href":"https:\/\/kuali.com.mx\/web\/wp-json\/wp\/v2\/posts"}],"about":[{"href":"https:\/\/kuali.com.mx\/web\/wp-json\/wp\/v2\/types\/post"}],"author":[{"embeddable":true,"href":"https:\/\/kuali.com.mx\/web\/wp-json\/wp\/v2\/users\/2"}],"replies":[{"embeddable":true,"href":"https:\/\/kuali.com.mx\/web\/wp-json\/wp\/v2\/comments?post=100324"}],"version-history":[{"count":1,"href":"https:\/\/kuali.com.mx\/web\/wp-json\/wp\/v2\/posts\/100324\/revisions"}],"predecessor-version":[{"id":100328,"href":"https:\/\/kuali.com.mx\/web\/wp-json\/wp\/v2\/posts\/100324\/revisions\/100328"}],"wp:featuredmedia":[{"embeddable":true,"href":"https:\/\/kuali.com.mx\/web\/wp-json\/wp\/v2\/media\/100326"}],"wp:attachment":[{"href":"https:\/\/kuali.com.mx\/web\/wp-json\/wp\/v2\/media?parent=100324"}],"wp:term":[{"taxonomy":"category","embeddable":true,"href":"https:\/\/kuali.com.mx\/web\/wp-json\/wp\/v2\/categories?post=100324"},{"taxonomy":"post_tag","embeddable":true,"href":"https:\/\/kuali.com.mx\/web\/wp-json\/wp\/v2\/tags?post=100324"}],"curies":[{"name":"wp","href":"https:\/\/api.w.org\/{rel}","templated":true}]}}