{"id":100188,"date":"2022-07-12T10:33:22","date_gmt":"2022-07-12T16:33:22","guid":{"rendered":"https:\/\/kuali.com.mx\/web\/?p=100188"},"modified":"2022-07-12T11:01:58","modified_gmt":"2022-07-12T17:01:58","slug":"desmienten-muerte-de-benedicto-xvi","status":"publish","type":"post","link":"https:\/\/kuali.com.mx\/web\/2022\/07\/12\/desmienten-muerte-de-benedicto-xvi\/","title":{"rendered":"DESMIENTEN MUERTE DE BENEDICTO XVI"},"content":{"rendered":"\n<p><em><strong>David Ramos \/ACI Prensa\/Roma<\/strong><\/em>.-Benedicto XVI no ha muerto, como asegura un mensaje difundido en redes sociales y medios de comunicaci\u00f3n a nivel internacional, entre ellos algunos de prensa cat\u00f3lica, en las \u00faltimas horas.<\/p>\n\n\n\n<p>El rumor fue difundido por una cuenta en Twitter que us\u00f3 el nombre del presidente de la Conferencia Episcopal Alemana, Mons. Georg B\u00e4tzing:&nbsp;@BischofBatzing.<\/p>\n\n\n\n<p>Fallece el Papa em\u00e9rito Benedicto XVI.&nbsp;<a href=\"https:\/\/t.co\/tB7emhyX90\">pic.twitter.com\/tB7emhyX90<\/a><\/p>\n\n\n\n<p>\u2014 Georg B\u00e4tzing (@BischofBatzing)&nbsp;<a href=\"https:\/\/twitter.com\/BischofBatzing\/status\/1546637739373780992?ref_src=twsrc%5Etfw\">July 11, 2022<\/a><\/p>\n\n\n\n<p>Sin embargo, minutos despu\u00e9s de publicar el anuncio de la supuesta muerte de Benedicto XVI en varios idiomas, la cuenta que aseguraba pertenecer al presidente del Episcopado alem\u00e1n escribi\u00f3: \"<strong>Cuenta falsa creada por el periodista italiano Tommasso Debenedetti<\/strong>\".<\/p>\n\n\n\n<p>Cuenta falsa creada por el periodista italiano Tommasso Debenedetti.<\/p>\n\n\n\n<p>\u2014 Georg B\u00e4tzing (@BischofBatzing)&nbsp;<a href=\"https:\/\/twitter.com\/BischofBatzing\/status\/1546650603048370178?ref_src=twsrc%5Etfw\">July 12, 2022<\/a><\/p>\n\n\n\n<p>Desde que @BischofBatzing tuite\u00f3 mensajes admitiendo ser una cuenta falsa, perdi\u00f3 en cuesti\u00f3n de minutos unos 5 mil seguidores en Twitter.<\/p>\n\n\n\n<p>No es la primera vez que el supuesto periodista italiano Tommasso Debenedetti usa cuentas falsas de obispos y cardenales cat\u00f3licos para difundir la noticia falsa de la muerte de Benedicto XVI. En el pasado ha creado cuentas a nombres del Cardenal Rub\u00e9n Salazar, Arzobispo Em\u00e9rito de Bogot\u00e1; el Cardenal Juan Luis Cipriani, Arzobispo Em\u00e9rito de Lima (Per\u00fa); y el Arzobispo de Tegucigalpa (Honduras), Cardenal \u00d3scar Rodr\u00edguez Maradiaga.<\/p>\n\n\n\n<p>Tambi\u00e9n ha difundido noticias falsas sobre las muertes de figuras pol\u00edticas y del mundo de la literatura, como el Premio Nobel Mario Vargas Llosa e Isabel Allende.<\/p>\n","protected":false},"excerpt":{"rendered":"David Ramos \/ACI Prensa\/Roma.-Benedicto XVI no ha muerto, como asegura un mensaje difundido en redes sociales y medios de comunicaci\u00f3n a nivel internacional, entre ellos algunos de prensa cat\u00f3lica, en las \u00faltimas horas. El rumor fue difundido por una cuenta en Twitter que us\u00f3 el nombre del presidente de la Conferencia Episcopal Alemana, Mons. Georg [&hellip;]","protected":false},"author":2,"featured_media":100190,"comment_status":"open","ping_status":"open","sticky":false,"template":"","format":"standard","meta":{"_seopress_robots_primary_cat":"none","_seopress_titles_title":"","_seopress_titles_desc":"","_seopress_robots_index":"","_monsterinsights_skip_tracking":false,"_monsterinsights_sitenote_active":false,"_monsterinsights_sitenote_note":"","_monsterinsights_sitenote_category":0,"footnotes":""},"categories":[3],"tags":[],"class_list":["post-100188","post","type-post","status-publish","format-standard","has-post-thumbnail","hentry","category-politica"],"yoast_head":"<!-- This site is optimized with the Yoast SEO plugin v27.4 - https:\/\/yoast.com\/product\/yoast-seo-wordpress\/ -->\n<title>DESMIENTEN MUERTE DE BENEDICTO XVI - Kuali<\/title>\n<meta name=\"robots\" content=\"index, follow, max-snippet:-1, max-image-preview:large, max-video-preview:-1\" \/>\n<link rel=\"canonical\" href=\"https:\/\/kuali.com.mx\/web\/2022\/07\/12\/desmienten-muerte-de-benedicto-xvi\/\" \/>\n<meta property=\"og:locale\" content=\"es_MX\" \/>\n<meta property=\"og:type\" content=\"article\" \/>\n<meta property=\"og:title\" content=\"DESMIENTEN MUERTE DE BENEDICTO XVI - Kuali\" \/>\n<meta property=\"og:description\" content=\"David Ramos \/ACI Prensa\/Roma.-Benedicto XVI no ha muerto, como asegura un mensaje difundido en redes sociales y medios de comunicaci\u00f3n a nivel internacional, entre ellos algunos de prensa cat\u00f3lica, en las \u00faltimas horas. El rumor fue difundido por una cuenta en Twitter que us\u00f3 el nombre del presidente de la Conferencia Episcopal Alemana, Mons. Georg [&hellip;]\" \/>\n<meta property=\"og:url\" content=\"https:\/\/kuali.com.mx\/web\/2022\/07\/12\/desmienten-muerte-de-benedicto-xvi\/\" \/>\n<meta property=\"og:site_name\" content=\"Kuali\" \/>\n<meta property=\"article:publisher\" content=\"https:\/\/kuali.com.mx\/web\/wp-content\/uploads\/2018\/04\/cropped-kuali_logo-1-1.png\" \/>\n<meta property=\"article:published_time\" content=\"2022-07-12T16:33:22+00:00\" \/>\n<meta property=\"article:modified_time\" content=\"2022-07-12T17:01:58+00:00\" \/>\n<meta property=\"og:image\" content=\"https:\/\/kuali.com.mx\/web\/wp-content\/uploads\/2022\/07\/papa.jpg\" \/>\n\t<meta property=\"og:image:width\" content=\"2245\" \/>\n\t<meta property=\"og:image:height\" content=\"1220\" \/>\n\t<meta property=\"og:image:type\" content=\"image\/jpeg\" \/>\n<meta name=\"author\" content=\"Kuali Staff\" \/>\n<meta name=\"twitter:card\" content=\"summary_large_image\" \/>\n<meta name=\"twitter:creator\" content=\"@kuali_noticias\" \/>\n<meta name=\"twitter:site\" content=\"@kuali_noticias\" \/>\n<meta name=\"twitter:label1\" content=\"Escrito por\" \/>\n\t<meta name=\"twitter:data1\" content=\"Kuali Staff\" \/>\n\t<meta name=\"twitter:label2\" content=\"Tiempo de lectura\" \/>\n\t<meta name=\"twitter:data2\" content=\"1 minuto\" \/>\n<script type=\"application\/ld+json\" class=\"yoast-schema-graph\">{\"@context\":\"https:\\\/\\\/schema.org\",\"@graph\":[{\"@type\":\"Article\",\"@id\":\"https:\\\/\\\/kuali.com.mx\\\/web\\\/2022\\\/07\\\/12\\\/desmienten-muerte-de-benedicto-xvi\\\/#article\",\"isPartOf\":{\"@id\":\"https:\\\/\\\/kuali.com.mx\\\/web\\\/2022\\\/07\\\/12\\\/desmienten-muerte-de-benedicto-xvi\\\/\"},\"author\":{\"name\":\"Kuali Staff\",\"@id\":\"https:\\\/\\\/kuali.com.mx\\\/web\\\/#\\\/schema\\\/person\\\/6f89ffa8ecba9dae50662357923c5289\"},\"headline\":\"DESMIENTEN MUERTE DE BENEDICTO XVI\",\"datePublished\":\"2022-07-12T16:33:22+00:00\",\"dateModified\":\"2022-07-12T17:01:58+00:00\",\"mainEntityOfPage\":{\"@id\":\"https:\\\/\\\/kuali.com.mx\\\/web\\\/2022\\\/07\\\/12\\\/desmienten-muerte-de-benedicto-xvi\\\/\"},\"wordCount\":264,\"commentCount\":0,\"image\":{\"@id\":\"https:\\\/\\\/kuali.com.mx\\\/web\\\/2022\\\/07\\\/12\\\/desmienten-muerte-de-benedicto-xvi\\\/#primaryimage\"},\"thumbnailUrl\":\"https:\\\/\\\/kuali.com.mx\\\/web\\\/wp-content\\\/uploads\\\/2022\\\/07\\\/papa.jpg\",\"articleSection\":[\"Pol\u00edtica\"],\"inLanguage\":\"es\",\"potentialAction\":[{\"@type\":\"CommentAction\",\"name\":\"Comment\",\"target\":[\"https:\\\/\\\/kuali.com.mx\\\/web\\\/2022\\\/07\\\/12\\\/desmienten-muerte-de-benedicto-xvi\\\/#respond\"]}]},{\"@type\":\"WebPage\",\"@id\":\"https:\\\/\\\/kuali.com.mx\\\/web\\\/2022\\\/07\\\/12\\\/desmienten-muerte-de-benedicto-xvi\\\/\",\"url\":\"https:\\\/\\\/kuali.com.mx\\\/web\\\/2022\\\/07\\\/12\\\/desmienten-muerte-de-benedicto-xvi\\\/\",\"name\":\"DESMIENTEN MUERTE DE BENEDICTO XVI - Kuali\",\"isPartOf\":{\"@id\":\"https:\\\/\\\/kuali.com.mx\\\/web\\\/#website\"},\"primaryImageOfPage\":{\"@id\":\"https:\\\/\\\/kuali.com.mx\\\/web\\\/2022\\\/07\\\/12\\\/desmienten-muerte-de-benedicto-xvi\\\/#primaryimage\"},\"image\":{\"@id\":\"https:\\\/\\\/kuali.com.mx\\\/web\\\/2022\\\/07\\\/12\\\/desmienten-muerte-de-benedicto-xvi\\\/#primaryimage\"},\"thumbnailUrl\":\"https:\\\/\\\/kuali.com.mx\\\/web\\\/wp-content\\\/uploads\\\/2022\\\/07\\\/papa.jpg\",\"datePublished\":\"2022-07-12T16:33:22+00:00\",\"dateModified\":\"2022-07-12T17:01:58+00:00\",\"author\":{\"@id\":\"https:\\\/\\\/kuali.com.mx\\\/web\\\/#\\\/schema\\\/person\\\/6f89ffa8ecba9dae50662357923c5289\"},\"breadcrumb\":{\"@id\":\"https:\\\/\\\/kuali.com.mx\\\/web\\\/2022\\\/07\\\/12\\\/desmienten-muerte-de-benedicto-xvi\\\/#breadcrumb\"},\"inLanguage\":\"es\",\"potentialAction\":[{\"@type\":\"ReadAction\",\"target\":[\"https:\\\/\\\/kuali.com.mx\\\/web\\\/2022\\\/07\\\/12\\\/desmienten-muerte-de-benedicto-xvi\\\/\"]}]},{\"@type\":\"ImageObject\",\"inLanguage\":\"es\",\"@id\":\"https:\\\/\\\/kuali.com.mx\\\/web\\\/2022\\\/07\\\/12\\\/desmienten-muerte-de-benedicto-xvi\\\/#primaryimage\",\"url\":\"https:\\\/\\\/kuali.com.mx\\\/web\\\/wp-content\\\/uploads\\\/2022\\\/07\\\/papa.jpg\",\"contentUrl\":\"https:\\\/\\\/kuali.com.mx\\\/web\\\/wp-content\\\/uploads\\\/2022\\\/07\\\/papa.jpg\",\"width\":2245,\"height\":1220},{\"@type\":\"BreadcrumbList\",\"@id\":\"https:\\\/\\\/kuali.com.mx\\\/web\\\/2022\\\/07\\\/12\\\/desmienten-muerte-de-benedicto-xvi\\\/#breadcrumb\",\"itemListElement\":[{\"@type\":\"ListItem\",\"position\":1,\"name\":\"Inicio\",\"item\":\"https:\\\/\\\/kuali.com.mx\\\/web\\\/\"},{\"@type\":\"ListItem\",\"position\":2,\"name\":\"DESMIENTEN MUERTE DE BENEDICTO XVI\"}]},{\"@type\":\"WebSite\",\"@id\":\"https:\\\/\\\/kuali.com.mx\\\/web\\\/#website\",\"url\":\"https:\\\/\\\/kuali.com.mx\\\/web\\\/\",\"name\":\"Kuali\",\"description\":\"\",\"potentialAction\":[{\"@type\":\"SearchAction\",\"target\":{\"@type\":\"EntryPoint\",\"urlTemplate\":\"https:\\\/\\\/kuali.com.mx\\\/web\\\/?s={search_term_string}\"},\"query-input\":{\"@type\":\"PropertyValueSpecification\",\"valueRequired\":true,\"valueName\":\"search_term_string\"}}],\"inLanguage\":\"es\"},{\"@type\":\"Person\",\"@id\":\"https:\\\/\\\/kuali.com.mx\\\/web\\\/#\\\/schema\\\/person\\\/6f89ffa8ecba9dae50662357923c5289\",\"name\":\"Kuali Staff\",\"image\":{\"@type\":\"ImageObject\",\"inLanguage\":\"es\",\"@id\":\"https:\\\/\\\/secure.gravatar.com\\\/avatar\\\/f917ad82e5ab71227a733c78b6e60715476f69ee6be59feee4eb5d9920c89e0f?s=96&d=mm&r=g\",\"url\":\"https:\\\/\\\/secure.gravatar.com\\\/avatar\\\/f917ad82e5ab71227a733c78b6e60715476f69ee6be59feee4eb5d9920c89e0f?s=96&d=mm&r=g\",\"contentUrl\":\"https:\\\/\\\/secure.gravatar.com\\\/avatar\\\/f917ad82e5ab71227a733c78b6e60715476f69ee6be59feee4eb5d9920c89e0f?s=96&d=mm&r=g\",\"caption\":\"Kuali Staff\"},\"url\":\"https:\\\/\\\/kuali.com.mx\\\/web\\\/author\\\/lagarto\\\/\"}]}<\/script>\n<!-- \/ Yoast SEO plugin. -->","yoast_head_json":{"title":"DESMIENTEN MUERTE DE BENEDICTO XVI - Kuali","robots":{"index":"index","follow":"follow","max-snippet":"max-snippet:-1","max-image-preview":"max-image-preview:large","max-video-preview":"max-video-preview:-1"},"canonical":"https:\/\/kuali.com.mx\/web\/2022\/07\/12\/desmienten-muerte-de-benedicto-xvi\/","og_locale":"es_MX","og_type":"article","og_title":"DESMIENTEN MUERTE DE BENEDICTO XVI - Kuali","og_description":"David Ramos \/ACI Prensa\/Roma.-Benedicto XVI no ha muerto, como asegura un mensaje difundido en redes sociales y medios de comunicaci\u00f3n a nivel internacional, entre ellos algunos de prensa cat\u00f3lica, en las \u00faltimas horas. El rumor fue difundido por una cuenta en Twitter que us\u00f3 el nombre del presidente de la Conferencia Episcopal Alemana, Mons. Georg [&hellip;]","og_url":"https:\/\/kuali.com.mx\/web\/2022\/07\/12\/desmienten-muerte-de-benedicto-xvi\/","og_site_name":"Kuali","article_publisher":"https:\/\/kuali.com.mx\/web\/wp-content\/uploads\/2018\/04\/cropped-kuali_logo-1-1.png","article_published_time":"2022-07-12T16:33:22+00:00","article_modified_time":"2022-07-12T17:01:58+00:00","og_image":[{"width":2245,"height":1220,"url":"https:\/\/kuali.com.mx\/web\/wp-content\/uploads\/2022\/07\/papa.jpg","type":"image\/jpeg"}],"author":"Kuali Staff","twitter_card":"summary_large_image","twitter_creator":"@kuali_noticias","twitter_site":"@kuali_noticias","twitter_misc":{"Escrito por":"Kuali Staff","Tiempo de lectura":"1 minuto"},"schema":{"@context":"https:\/\/schema.org","@graph":[{"@type":"Article","@id":"https:\/\/kuali.com.mx\/web\/2022\/07\/12\/desmienten-muerte-de-benedicto-xvi\/#article","isPartOf":{"@id":"https:\/\/kuali.com.mx\/web\/2022\/07\/12\/desmienten-muerte-de-benedicto-xvi\/"},"author":{"name":"Kuali Staff","@id":"https:\/\/kuali.com.mx\/web\/#\/schema\/person\/6f89ffa8ecba9dae50662357923c5289"},"headline":"DESMIENTEN MUERTE DE BENEDICTO XVI","datePublished":"2022-07-12T16:33:22+00:00","dateModified":"2022-07-12T17:01:58+00:00","mainEntityOfPage":{"@id":"https:\/\/kuali.com.mx\/web\/2022\/07\/12\/desmienten-muerte-de-benedicto-xvi\/"},"wordCount":264,"commentCount":0,"image":{"@id":"https:\/\/kuali.com.mx\/web\/2022\/07\/12\/desmienten-muerte-de-benedicto-xvi\/#primaryimage"},"thumbnailUrl":"https:\/\/kuali.com.mx\/web\/wp-content\/uploads\/2022\/07\/papa.jpg","articleSection":["Pol\u00edtica"],"inLanguage":"es","potentialAction":[{"@type":"CommentAction","name":"Comment","target":["https:\/\/kuali.com.mx\/web\/2022\/07\/12\/desmienten-muerte-de-benedicto-xvi\/#respond"]}]},{"@type":"WebPage","@id":"https:\/\/kuali.com.mx\/web\/2022\/07\/12\/desmienten-muerte-de-benedicto-xvi\/","url":"https:\/\/kuali.com.mx\/web\/2022\/07\/12\/desmienten-muerte-de-benedicto-xvi\/","name":"DESMIENTEN MUERTE DE BENEDICTO XVI - Kuali","isPartOf":{"@id":"https:\/\/kuali.com.mx\/web\/#website"},"primaryImageOfPage":{"@id":"https:\/\/kuali.com.mx\/web\/2022\/07\/12\/desmienten-muerte-de-benedicto-xvi\/#primaryimage"},"image":{"@id":"https:\/\/kuali.com.mx\/web\/2022\/07\/12\/desmienten-muerte-de-benedicto-xvi\/#primaryimage"},"thumbnailUrl":"https:\/\/kuali.com.mx\/web\/wp-content\/uploads\/2022\/07\/papa.jpg","datePublished":"2022-07-12T16:33:22+00:00","dateModified":"2022-07-12T17:01:58+00:00","author":{"@id":"https:\/\/kuali.com.mx\/web\/#\/schema\/person\/6f89ffa8ecba9dae50662357923c5289"},"breadcrumb":{"@id":"https:\/\/kuali.com.mx\/web\/2022\/07\/12\/desmienten-muerte-de-benedicto-xvi\/#breadcrumb"},"inLanguage":"es","potentialAction":[{"@type":"ReadAction","target":["https:\/\/kuali.com.mx\/web\/2022\/07\/12\/desmienten-muerte-de-benedicto-xvi\/"]}]},{"@type":"ImageObject","inLanguage":"es","@id":"https:\/\/kuali.com.mx\/web\/2022\/07\/12\/desmienten-muerte-de-benedicto-xvi\/#primaryimage","url":"https:\/\/kuali.com.mx\/web\/wp-content\/uploads\/2022\/07\/papa.jpg","contentUrl":"https:\/\/kuali.com.mx\/web\/wp-content\/uploads\/2022\/07\/papa.jpg","width":2245,"height":1220},{"@type":"BreadcrumbList","@id":"https:\/\/kuali.com.mx\/web\/2022\/07\/12\/desmienten-muerte-de-benedicto-xvi\/#breadcrumb","itemListElement":[{"@type":"ListItem","position":1,"name":"Inicio","item":"https:\/\/kuali.com.mx\/web\/"},{"@type":"ListItem","position":2,"name":"DESMIENTEN MUERTE DE BENEDICTO XVI"}]},{"@type":"WebSite","@id":"https:\/\/kuali.com.mx\/web\/#website","url":"https:\/\/kuali.com.mx\/web\/","name":"Kuali","description":"","potentialAction":[{"@type":"SearchAction","target":{"@type":"EntryPoint","urlTemplate":"https:\/\/kuali.com.mx\/web\/?s={search_term_string}"},"query-input":{"@type":"PropertyValueSpecification","valueRequired":true,"valueName":"search_term_string"}}],"inLanguage":"es"},{"@type":"Person","@id":"https:\/\/kuali.com.mx\/web\/#\/schema\/person\/6f89ffa8ecba9dae50662357923c5289","name":"Kuali Staff","image":{"@type":"ImageObject","inLanguage":"es","@id":"https:\/\/secure.gravatar.com\/avatar\/f917ad82e5ab71227a733c78b6e60715476f69ee6be59feee4eb5d9920c89e0f?s=96&d=mm&r=g","url":"https:\/\/secure.gravatar.com\/avatar\/f917ad82e5ab71227a733c78b6e60715476f69ee6be59feee4eb5d9920c89e0f?s=96&d=mm&r=g","contentUrl":"https:\/\/secure.gravatar.com\/avatar\/f917ad82e5ab71227a733c78b6e60715476f69ee6be59feee4eb5d9920c89e0f?s=96&d=mm&r=g","caption":"Kuali Staff"},"url":"https:\/\/kuali.com.mx\/web\/author\/lagarto\/"}]}},"_links":{"self":[{"href":"https:\/\/kuali.com.mx\/web\/wp-json\/wp\/v2\/posts\/100188","targetHints":{"allow":["GET"]}}],"collection":[{"href":"https:\/\/kuali.com.mx\/web\/wp-json\/wp\/v2\/posts"}],"about":[{"href":"https:\/\/kuali.com.mx\/web\/wp-json\/wp\/v2\/types\/post"}],"author":[{"embeddable":true,"href":"https:\/\/kuali.com.mx\/web\/wp-json\/wp\/v2\/users\/2"}],"replies":[{"embeddable":true,"href":"https:\/\/kuali.com.mx\/web\/wp-json\/wp\/v2\/comments?post=100188"}],"version-history":[{"count":2,"href":"https:\/\/kuali.com.mx\/web\/wp-json\/wp\/v2\/posts\/100188\/revisions"}],"predecessor-version":[{"id":100199,"href":"https:\/\/kuali.com.mx\/web\/wp-json\/wp\/v2\/posts\/100188\/revisions\/100199"}],"wp:featuredmedia":[{"embeddable":true,"href":"https:\/\/kuali.com.mx\/web\/wp-json\/wp\/v2\/media\/100190"}],"wp:attachment":[{"href":"https:\/\/kuali.com.mx\/web\/wp-json\/wp\/v2\/media?parent=100188"}],"wp:term":[{"taxonomy":"category","embeddable":true,"href":"https:\/\/kuali.com.mx\/web\/wp-json\/wp\/v2\/categories?post=100188"},{"taxonomy":"post_tag","embeddable":true,"href":"https:\/\/kuali.com.mx\/web\/wp-json\/wp\/v2\/tags?post=100188"}],"curies":[{"name":"wp","href":"https:\/\/api.w.org\/{rel}","templated":true}]}}