{"id":100176,"date":"2022-07-11T12:54:49","date_gmt":"2022-07-11T18:54:49","guid":{"rendered":"https:\/\/kuali.com.mx\/web\/?p=100176"},"modified":"2022-07-11T21:09:25","modified_gmt":"2022-07-12T03:09:25","slug":"tiene-deficit-de-atencion-8-de-la-poblacion","status":"publish","type":"post","link":"https:\/\/kuali.com.mx\/web\/2022\/07\/11\/tiene-deficit-de-atencion-8-de-la-poblacion\/","title":{"rendered":"TIENE D\u00c9FICIT DE ATENCI\u00d3N 8% DE LA POBLACI\u00d3N"},"content":{"rendered":"\n<p><strong>Kuali\/Silao, Gto.- <\/strong>Al menos el ocho por ciento de la poblaci\u00f3n en M\u00e9xico puede tener alg\u00fan grado de Trastorno de D\u00e9ficit de Atenci\u00f3n e Hiperactividad (TDAH) o de alg\u00fan trastorno del neurodesarrollo.<\/p>\n\n\n\n<p>Estos trastornos afectan no s\u00f3lo a la poblaci\u00f3n infantil en edad escolar, sino tambi\u00e9n a los adultos que nunca fueron diagnosticados correctamente, inform\u00f3 Araceli Almanza Lamas, director de la Fundaci\u00f3n Carlos Eduardo Almanza A.C.<\/p>\n\n\n\n<p>Araceli Almanza decidi\u00f3 crear la fundaci\u00f3n que preside despu\u00e9s de vivir 16 a\u00f1os con su hijo que tiene Trastorno de D\u00e9ficit de Atenci\u00f3n e Hiperactividad (TDAH) y de coincidir con familias que tienen la misma situaci\u00f3n.<\/p>\n\n\n\n<p>Para recordar el D\u00eda Internacional del Trastorno por D\u00e9ficit de Atenci\u00f3n e Hiperactividad (TDAH), que se conmemora cada 13 de julio, la Fundaci\u00f3n Carlos Eduardo Almanza A.C. y el Instituto Guanajuatense para las Personas con Discapacidad (Ingudis) realizar\u00e1n la sexta &nbsp;Jornada de TDAH y otros Trastornos del Neurodesarrollo, del 13 al 16 de julio en el Parque Irekua, de la ciudad de Irapuato.<\/p>\n\n\n\n<p>Jos\u00e9 Jos\u00e9 Grimaldo Colmenero, titular del Ingudis, destac\u00f3 en una nota de prensa la importancia de apoyar a la sociedad civil organizada y reconoci\u00f3 el esfuerzo y las aportaciones que realizan las organizaciones como la Fundaci\u00f3n Carlos Eduardo Almanza a la agenda p\u00fablica sobre los temas de atenci\u00f3n, inclusi\u00f3n y derechos b\u00e1sicos para las personas con discapacidad.<\/p>\n\n\n\n<p>El prop\u00f3sito del evento, que tendr\u00e1 una modalidad hibrida y presencial, es sensibilizar, concientizar y contribuir en la inclusi\u00f3n y atenci\u00f3n integral a infantes, j\u00f3venes y personas adultas con problemas de neurodesarrollo, como lo son el TDAH, autismo y asperger, entre otros.<\/p>\n\n\n\n<p><strong>PREDIAGN\u00d3STICOS GRATUITOS<\/strong><\/p>\n\n\n\n<p>Durante los tres d\u00edas que durar\u00e1 la Jornada se llevar\u00e1n a cabo pre-diagn\u00f3sticos de manera gratuita por parte de personal m\u00e9dico, as\u00ed como diagn\u00f3sticos elaborados por m\u00e9dicos expertos en la atenci\u00f3n de dichos trastornos, a precios accesibles para la poblaci\u00f3n.<\/p>\n\n\n\n<p>Tambi\u00e9n habr\u00e1 conferencias virtuales y presenciales para abordar temas como el origen de las enfermedades neurodegenerativas, evaluaci\u00f3n del riesgo suicida en ni\u00f1os y adolescentes y TDAH y espectro Autista, entre otros.<\/p>\n\n\n\n<p>Araceli Almanza invit\u00f3 a la poblaci\u00f3n a inscribirse y participar en la Carrera Naranja que se llevar\u00e1 a cabo en la Ciplopista del Parque Irekua.<\/p>\n\n\n\n<p>Las inscripciones se realizan la direcci\u00f3n electr\u00f3nica de Facebook https:\/\/www.facebook.com\/fcealmanzaac\/ o enviando un mensaje de WhatsApp al 4621894651.<\/p>\n","protected":false},"excerpt":{"rendered":"Kuali\/Silao, Gto.- Al menos el ocho por ciento de la poblaci\u00f3n en M\u00e9xico puede tener alg\u00fan grado de Trastorno de D\u00e9ficit de Atenci\u00f3n e Hiperactividad (TDAH) o de alg\u00fan trastorno del neurodesarrollo. Estos trastornos afectan no s\u00f3lo a la poblaci\u00f3n infantil en edad escolar, sino tambi\u00e9n a los adultos que nunca fueron diagnosticados correctamente, inform\u00f3 [&hellip;]","protected":false},"author":2,"featured_media":100178,"comment_status":"open","ping_status":"open","sticky":false,"template":"","format":"standard","meta":{"_seopress_robots_primary_cat":"none","_seopress_titles_title":"","_seopress_titles_desc":"","_seopress_robots_index":"","_monsterinsights_skip_tracking":false,"_monsterinsights_sitenote_active":false,"_monsterinsights_sitenote_note":"","_monsterinsights_sitenote_category":0,"footnotes":""},"categories":[7],"tags":[159,328,384,78,738],"class_list":["post-100176","post","type-post","status-publish","format-standard","has-post-thumbnail","hentry","category-salud","tag-discapacidad","tag-inclusion","tag-ingudis","tag-salud","tag-tdah"],"yoast_head":"<!-- This site is optimized with the Yoast SEO plugin v27.4 - https:\/\/yoast.com\/product\/yoast-seo-wordpress\/ -->\n<title>TIENE D\u00c9FICIT DE ATENCI\u00d3N 8% DE LA POBLACI\u00d3N - Kuali<\/title>\n<meta name=\"robots\" content=\"index, follow, max-snippet:-1, max-image-preview:large, max-video-preview:-1\" \/>\n<link rel=\"canonical\" href=\"https:\/\/kuali.com.mx\/web\/2022\/07\/11\/tiene-deficit-de-atencion-8-de-la-poblacion\/\" \/>\n<meta property=\"og:locale\" content=\"es_MX\" \/>\n<meta property=\"og:type\" content=\"article\" \/>\n<meta property=\"og:title\" content=\"TIENE D\u00c9FICIT DE ATENCI\u00d3N 8% DE LA POBLACI\u00d3N - Kuali\" \/>\n<meta property=\"og:description\" content=\"Kuali\/Silao, Gto.- Al menos el ocho por ciento de la poblaci\u00f3n en M\u00e9xico puede tener alg\u00fan grado de Trastorno de D\u00e9ficit de Atenci\u00f3n e Hiperactividad (TDAH) o de alg\u00fan trastorno del neurodesarrollo. Estos trastornos afectan no s\u00f3lo a la poblaci\u00f3n infantil en edad escolar, sino tambi\u00e9n a los adultos que nunca fueron diagnosticados correctamente, inform\u00f3 [&hellip;]\" \/>\n<meta property=\"og:url\" content=\"https:\/\/kuali.com.mx\/web\/2022\/07\/11\/tiene-deficit-de-atencion-8-de-la-poblacion\/\" \/>\n<meta property=\"og:site_name\" content=\"Kuali\" \/>\n<meta property=\"article:publisher\" content=\"https:\/\/kuali.com.mx\/web\/wp-content\/uploads\/2018\/04\/cropped-kuali_logo-1-1.png\" \/>\n<meta property=\"article:published_time\" content=\"2022-07-11T18:54:49+00:00\" \/>\n<meta property=\"article:modified_time\" content=\"2022-07-12T03:09:25+00:00\" \/>\n<meta property=\"og:image\" content=\"https:\/\/kuali.com.mx\/web\/wp-content\/uploads\/2022\/07\/Transtorno-TDAH.gif\" \/>\n\t<meta property=\"og:image:width\" content=\"1700\" \/>\n\t<meta property=\"og:image:height\" content=\"750\" \/>\n\t<meta property=\"og:image:type\" content=\"image\/gif\" \/>\n<meta name=\"author\" content=\"Kuali Staff\" \/>\n<meta name=\"twitter:card\" content=\"summary_large_image\" \/>\n<meta name=\"twitter:creator\" content=\"@kuali_noticias\" \/>\n<meta name=\"twitter:site\" content=\"@kuali_noticias\" \/>\n<meta name=\"twitter:label1\" content=\"Escrito por\" \/>\n\t<meta name=\"twitter:data1\" content=\"Kuali Staff\" \/>\n\t<meta name=\"twitter:label2\" content=\"Tiempo de lectura\" \/>\n\t<meta name=\"twitter:data2\" content=\"2 minutos\" \/>\n<script type=\"application\/ld+json\" class=\"yoast-schema-graph\">{\"@context\":\"https:\\\/\\\/schema.org\",\"@graph\":[{\"@type\":\"Article\",\"@id\":\"https:\\\/\\\/kuali.com.mx\\\/web\\\/2022\\\/07\\\/11\\\/tiene-deficit-de-atencion-8-de-la-poblacion\\\/#article\",\"isPartOf\":{\"@id\":\"https:\\\/\\\/kuali.com.mx\\\/web\\\/2022\\\/07\\\/11\\\/tiene-deficit-de-atencion-8-de-la-poblacion\\\/\"},\"author\":{\"name\":\"Kuali Staff\",\"@id\":\"https:\\\/\\\/kuali.com.mx\\\/web\\\/#\\\/schema\\\/person\\\/6f89ffa8ecba9dae50662357923c5289\"},\"headline\":\"TIENE D\u00c9FICIT DE ATENCI\u00d3N 8% DE LA POBLACI\u00d3N\",\"datePublished\":\"2022-07-11T18:54:49+00:00\",\"dateModified\":\"2022-07-12T03:09:25+00:00\",\"mainEntityOfPage\":{\"@id\":\"https:\\\/\\\/kuali.com.mx\\\/web\\\/2022\\\/07\\\/11\\\/tiene-deficit-de-atencion-8-de-la-poblacion\\\/\"},\"wordCount\":439,\"commentCount\":0,\"image\":{\"@id\":\"https:\\\/\\\/kuali.com.mx\\\/web\\\/2022\\\/07\\\/11\\\/tiene-deficit-de-atencion-8-de-la-poblacion\\\/#primaryimage\"},\"thumbnailUrl\":\"https:\\\/\\\/kuali.com.mx\\\/web\\\/wp-content\\\/uploads\\\/2022\\\/07\\\/Transtorno-TDAH.gif\",\"keywords\":[\"Discapacidad\",\"Inclusi\u00f3n\",\"Ingudis\",\"Salud\",\"TDAH\"],\"articleSection\":[\"Salud\"],\"inLanguage\":\"es\",\"potentialAction\":[{\"@type\":\"CommentAction\",\"name\":\"Comment\",\"target\":[\"https:\\\/\\\/kuali.com.mx\\\/web\\\/2022\\\/07\\\/11\\\/tiene-deficit-de-atencion-8-de-la-poblacion\\\/#respond\"]}]},{\"@type\":\"WebPage\",\"@id\":\"https:\\\/\\\/kuali.com.mx\\\/web\\\/2022\\\/07\\\/11\\\/tiene-deficit-de-atencion-8-de-la-poblacion\\\/\",\"url\":\"https:\\\/\\\/kuali.com.mx\\\/web\\\/2022\\\/07\\\/11\\\/tiene-deficit-de-atencion-8-de-la-poblacion\\\/\",\"name\":\"TIENE D\u00c9FICIT DE ATENCI\u00d3N 8% DE LA POBLACI\u00d3N - Kuali\",\"isPartOf\":{\"@id\":\"https:\\\/\\\/kuali.com.mx\\\/web\\\/#website\"},\"primaryImageOfPage\":{\"@id\":\"https:\\\/\\\/kuali.com.mx\\\/web\\\/2022\\\/07\\\/11\\\/tiene-deficit-de-atencion-8-de-la-poblacion\\\/#primaryimage\"},\"image\":{\"@id\":\"https:\\\/\\\/kuali.com.mx\\\/web\\\/2022\\\/07\\\/11\\\/tiene-deficit-de-atencion-8-de-la-poblacion\\\/#primaryimage\"},\"thumbnailUrl\":\"https:\\\/\\\/kuali.com.mx\\\/web\\\/wp-content\\\/uploads\\\/2022\\\/07\\\/Transtorno-TDAH.gif\",\"datePublished\":\"2022-07-11T18:54:49+00:00\",\"dateModified\":\"2022-07-12T03:09:25+00:00\",\"author\":{\"@id\":\"https:\\\/\\\/kuali.com.mx\\\/web\\\/#\\\/schema\\\/person\\\/6f89ffa8ecba9dae50662357923c5289\"},\"breadcrumb\":{\"@id\":\"https:\\\/\\\/kuali.com.mx\\\/web\\\/2022\\\/07\\\/11\\\/tiene-deficit-de-atencion-8-de-la-poblacion\\\/#breadcrumb\"},\"inLanguage\":\"es\",\"potentialAction\":[{\"@type\":\"ReadAction\",\"target\":[\"https:\\\/\\\/kuali.com.mx\\\/web\\\/2022\\\/07\\\/11\\\/tiene-deficit-de-atencion-8-de-la-poblacion\\\/\"]}]},{\"@type\":\"ImageObject\",\"inLanguage\":\"es\",\"@id\":\"https:\\\/\\\/kuali.com.mx\\\/web\\\/2022\\\/07\\\/11\\\/tiene-deficit-de-atencion-8-de-la-poblacion\\\/#primaryimage\",\"url\":\"https:\\\/\\\/kuali.com.mx\\\/web\\\/wp-content\\\/uploads\\\/2022\\\/07\\\/Transtorno-TDAH.gif\",\"contentUrl\":\"https:\\\/\\\/kuali.com.mx\\\/web\\\/wp-content\\\/uploads\\\/2022\\\/07\\\/Transtorno-TDAH.gif\",\"width\":1700,\"height\":750},{\"@type\":\"BreadcrumbList\",\"@id\":\"https:\\\/\\\/kuali.com.mx\\\/web\\\/2022\\\/07\\\/11\\\/tiene-deficit-de-atencion-8-de-la-poblacion\\\/#breadcrumb\",\"itemListElement\":[{\"@type\":\"ListItem\",\"position\":1,\"name\":\"Inicio\",\"item\":\"https:\\\/\\\/kuali.com.mx\\\/web\\\/\"},{\"@type\":\"ListItem\",\"position\":2,\"name\":\"TIENE D\u00c9FICIT DE ATENCI\u00d3N 8% DE LA POBLACI\u00d3N\"}]},{\"@type\":\"WebSite\",\"@id\":\"https:\\\/\\\/kuali.com.mx\\\/web\\\/#website\",\"url\":\"https:\\\/\\\/kuali.com.mx\\\/web\\\/\",\"name\":\"Kuali\",\"description\":\"\",\"potentialAction\":[{\"@type\":\"SearchAction\",\"target\":{\"@type\":\"EntryPoint\",\"urlTemplate\":\"https:\\\/\\\/kuali.com.mx\\\/web\\\/?s={search_term_string}\"},\"query-input\":{\"@type\":\"PropertyValueSpecification\",\"valueRequired\":true,\"valueName\":\"search_term_string\"}}],\"inLanguage\":\"es\"},{\"@type\":\"Person\",\"@id\":\"https:\\\/\\\/kuali.com.mx\\\/web\\\/#\\\/schema\\\/person\\\/6f89ffa8ecba9dae50662357923c5289\",\"name\":\"Kuali Staff\",\"image\":{\"@type\":\"ImageObject\",\"inLanguage\":\"es\",\"@id\":\"https:\\\/\\\/secure.gravatar.com\\\/avatar\\\/f917ad82e5ab71227a733c78b6e60715476f69ee6be59feee4eb5d9920c89e0f?s=96&d=mm&r=g\",\"url\":\"https:\\\/\\\/secure.gravatar.com\\\/avatar\\\/f917ad82e5ab71227a733c78b6e60715476f69ee6be59feee4eb5d9920c89e0f?s=96&d=mm&r=g\",\"contentUrl\":\"https:\\\/\\\/secure.gravatar.com\\\/avatar\\\/f917ad82e5ab71227a733c78b6e60715476f69ee6be59feee4eb5d9920c89e0f?s=96&d=mm&r=g\",\"caption\":\"Kuali Staff\"},\"url\":\"https:\\\/\\\/kuali.com.mx\\\/web\\\/author\\\/lagarto\\\/\"}]}<\/script>\n<!-- \/ Yoast SEO plugin. -->","yoast_head_json":{"title":"TIENE D\u00c9FICIT DE ATENCI\u00d3N 8% DE LA POBLACI\u00d3N - Kuali","robots":{"index":"index","follow":"follow","max-snippet":"max-snippet:-1","max-image-preview":"max-image-preview:large","max-video-preview":"max-video-preview:-1"},"canonical":"https:\/\/kuali.com.mx\/web\/2022\/07\/11\/tiene-deficit-de-atencion-8-de-la-poblacion\/","og_locale":"es_MX","og_type":"article","og_title":"TIENE D\u00c9FICIT DE ATENCI\u00d3N 8% DE LA POBLACI\u00d3N - Kuali","og_description":"Kuali\/Silao, Gto.- Al menos el ocho por ciento de la poblaci\u00f3n en M\u00e9xico puede tener alg\u00fan grado de Trastorno de D\u00e9ficit de Atenci\u00f3n e Hiperactividad (TDAH) o de alg\u00fan trastorno del neurodesarrollo. Estos trastornos afectan no s\u00f3lo a la poblaci\u00f3n infantil en edad escolar, sino tambi\u00e9n a los adultos que nunca fueron diagnosticados correctamente, inform\u00f3 [&hellip;]","og_url":"https:\/\/kuali.com.mx\/web\/2022\/07\/11\/tiene-deficit-de-atencion-8-de-la-poblacion\/","og_site_name":"Kuali","article_publisher":"https:\/\/kuali.com.mx\/web\/wp-content\/uploads\/2018\/04\/cropped-kuali_logo-1-1.png","article_published_time":"2022-07-11T18:54:49+00:00","article_modified_time":"2022-07-12T03:09:25+00:00","og_image":[{"width":1700,"height":750,"url":"https:\/\/kuali.com.mx\/web\/wp-content\/uploads\/2022\/07\/Transtorno-TDAH.gif","type":"image\/gif"}],"author":"Kuali Staff","twitter_card":"summary_large_image","twitter_creator":"@kuali_noticias","twitter_site":"@kuali_noticias","twitter_misc":{"Escrito por":"Kuali Staff","Tiempo de lectura":"2 minutos"},"schema":{"@context":"https:\/\/schema.org","@graph":[{"@type":"Article","@id":"https:\/\/kuali.com.mx\/web\/2022\/07\/11\/tiene-deficit-de-atencion-8-de-la-poblacion\/#article","isPartOf":{"@id":"https:\/\/kuali.com.mx\/web\/2022\/07\/11\/tiene-deficit-de-atencion-8-de-la-poblacion\/"},"author":{"name":"Kuali Staff","@id":"https:\/\/kuali.com.mx\/web\/#\/schema\/person\/6f89ffa8ecba9dae50662357923c5289"},"headline":"TIENE D\u00c9FICIT DE ATENCI\u00d3N 8% DE LA POBLACI\u00d3N","datePublished":"2022-07-11T18:54:49+00:00","dateModified":"2022-07-12T03:09:25+00:00","mainEntityOfPage":{"@id":"https:\/\/kuali.com.mx\/web\/2022\/07\/11\/tiene-deficit-de-atencion-8-de-la-poblacion\/"},"wordCount":439,"commentCount":0,"image":{"@id":"https:\/\/kuali.com.mx\/web\/2022\/07\/11\/tiene-deficit-de-atencion-8-de-la-poblacion\/#primaryimage"},"thumbnailUrl":"https:\/\/kuali.com.mx\/web\/wp-content\/uploads\/2022\/07\/Transtorno-TDAH.gif","keywords":["Discapacidad","Inclusi\u00f3n","Ingudis","Salud","TDAH"],"articleSection":["Salud"],"inLanguage":"es","potentialAction":[{"@type":"CommentAction","name":"Comment","target":["https:\/\/kuali.com.mx\/web\/2022\/07\/11\/tiene-deficit-de-atencion-8-de-la-poblacion\/#respond"]}]},{"@type":"WebPage","@id":"https:\/\/kuali.com.mx\/web\/2022\/07\/11\/tiene-deficit-de-atencion-8-de-la-poblacion\/","url":"https:\/\/kuali.com.mx\/web\/2022\/07\/11\/tiene-deficit-de-atencion-8-de-la-poblacion\/","name":"TIENE D\u00c9FICIT DE ATENCI\u00d3N 8% DE LA POBLACI\u00d3N - Kuali","isPartOf":{"@id":"https:\/\/kuali.com.mx\/web\/#website"},"primaryImageOfPage":{"@id":"https:\/\/kuali.com.mx\/web\/2022\/07\/11\/tiene-deficit-de-atencion-8-de-la-poblacion\/#primaryimage"},"image":{"@id":"https:\/\/kuali.com.mx\/web\/2022\/07\/11\/tiene-deficit-de-atencion-8-de-la-poblacion\/#primaryimage"},"thumbnailUrl":"https:\/\/kuali.com.mx\/web\/wp-content\/uploads\/2022\/07\/Transtorno-TDAH.gif","datePublished":"2022-07-11T18:54:49+00:00","dateModified":"2022-07-12T03:09:25+00:00","author":{"@id":"https:\/\/kuali.com.mx\/web\/#\/schema\/person\/6f89ffa8ecba9dae50662357923c5289"},"breadcrumb":{"@id":"https:\/\/kuali.com.mx\/web\/2022\/07\/11\/tiene-deficit-de-atencion-8-de-la-poblacion\/#breadcrumb"},"inLanguage":"es","potentialAction":[{"@type":"ReadAction","target":["https:\/\/kuali.com.mx\/web\/2022\/07\/11\/tiene-deficit-de-atencion-8-de-la-poblacion\/"]}]},{"@type":"ImageObject","inLanguage":"es","@id":"https:\/\/kuali.com.mx\/web\/2022\/07\/11\/tiene-deficit-de-atencion-8-de-la-poblacion\/#primaryimage","url":"https:\/\/kuali.com.mx\/web\/wp-content\/uploads\/2022\/07\/Transtorno-TDAH.gif","contentUrl":"https:\/\/kuali.com.mx\/web\/wp-content\/uploads\/2022\/07\/Transtorno-TDAH.gif","width":1700,"height":750},{"@type":"BreadcrumbList","@id":"https:\/\/kuali.com.mx\/web\/2022\/07\/11\/tiene-deficit-de-atencion-8-de-la-poblacion\/#breadcrumb","itemListElement":[{"@type":"ListItem","position":1,"name":"Inicio","item":"https:\/\/kuali.com.mx\/web\/"},{"@type":"ListItem","position":2,"name":"TIENE D\u00c9FICIT DE ATENCI\u00d3N 8% DE LA POBLACI\u00d3N"}]},{"@type":"WebSite","@id":"https:\/\/kuali.com.mx\/web\/#website","url":"https:\/\/kuali.com.mx\/web\/","name":"Kuali","description":"","potentialAction":[{"@type":"SearchAction","target":{"@type":"EntryPoint","urlTemplate":"https:\/\/kuali.com.mx\/web\/?s={search_term_string}"},"query-input":{"@type":"PropertyValueSpecification","valueRequired":true,"valueName":"search_term_string"}}],"inLanguage":"es"},{"@type":"Person","@id":"https:\/\/kuali.com.mx\/web\/#\/schema\/person\/6f89ffa8ecba9dae50662357923c5289","name":"Kuali Staff","image":{"@type":"ImageObject","inLanguage":"es","@id":"https:\/\/secure.gravatar.com\/avatar\/f917ad82e5ab71227a733c78b6e60715476f69ee6be59feee4eb5d9920c89e0f?s=96&d=mm&r=g","url":"https:\/\/secure.gravatar.com\/avatar\/f917ad82e5ab71227a733c78b6e60715476f69ee6be59feee4eb5d9920c89e0f?s=96&d=mm&r=g","contentUrl":"https:\/\/secure.gravatar.com\/avatar\/f917ad82e5ab71227a733c78b6e60715476f69ee6be59feee4eb5d9920c89e0f?s=96&d=mm&r=g","caption":"Kuali Staff"},"url":"https:\/\/kuali.com.mx\/web\/author\/lagarto\/"}]}},"_links":{"self":[{"href":"https:\/\/kuali.com.mx\/web\/wp-json\/wp\/v2\/posts\/100176","targetHints":{"allow":["GET"]}}],"collection":[{"href":"https:\/\/kuali.com.mx\/web\/wp-json\/wp\/v2\/posts"}],"about":[{"href":"https:\/\/kuali.com.mx\/web\/wp-json\/wp\/v2\/types\/post"}],"author":[{"embeddable":true,"href":"https:\/\/kuali.com.mx\/web\/wp-json\/wp\/v2\/users\/2"}],"replies":[{"embeddable":true,"href":"https:\/\/kuali.com.mx\/web\/wp-json\/wp\/v2\/comments?post=100176"}],"version-history":[{"count":2,"href":"https:\/\/kuali.com.mx\/web\/wp-json\/wp\/v2\/posts\/100176\/revisions"}],"predecessor-version":[{"id":100185,"href":"https:\/\/kuali.com.mx\/web\/wp-json\/wp\/v2\/posts\/100176\/revisions\/100185"}],"wp:featuredmedia":[{"embeddable":true,"href":"https:\/\/kuali.com.mx\/web\/wp-json\/wp\/v2\/media\/100178"}],"wp:attachment":[{"href":"https:\/\/kuali.com.mx\/web\/wp-json\/wp\/v2\/media?parent=100176"}],"wp:term":[{"taxonomy":"category","embeddable":true,"href":"https:\/\/kuali.com.mx\/web\/wp-json\/wp\/v2\/categories?post=100176"},{"taxonomy":"post_tag","embeddable":true,"href":"https:\/\/kuali.com.mx\/web\/wp-json\/wp\/v2\/tags?post=100176"}],"curies":[{"name":"wp","href":"https:\/\/api.w.org\/{rel}","templated":true}]}}