{"id":100168,"date":"2022-07-11T14:52:32","date_gmt":"2022-07-11T20:52:32","guid":{"rendered":"https:\/\/kuali.com.mx\/web\/?p=100168"},"modified":"2022-07-12T08:57:58","modified_gmt":"2022-07-12T14:57:58","slug":"bajaron-asesinatos-afirma-alejandra-gutierrez","status":"publish","type":"post","link":"https:\/\/kuali.com.mx\/web\/2022\/07\/11\/bajaron-asesinatos-afirma-alejandra-gutierrez\/","title":{"rendered":"BAJARON ASESINATOS, AFIRMA ALEJANDRA GUTI\u00c9RREZ"},"content":{"rendered":"\n<p><strong>Alicia Arias\/Le\u00f3n, Gto.- <\/strong>La alcaldesa de Le\u00f3n, Alejandra Guti\u00e9rrez Campos, asegur\u00f3 que en el municipio disminuyeron los homicidios, pero \"no podemos asegurar que no va pasar ning\u00fan hecho delictivo\".<\/p>\n\n\n\n<p>As\u00ed lo declar\u00f3 en entrevista con los medios de comunicaci\u00f3n que la cuestionaron sobre el ataque armado en la colonia Santa Mar\u00eda de Cementos, donde fueron asesinadas seis personas y ocho m\u00e1s resultaron lesionadas mientras se encontraban en una fiesta la noche del pasado s\u00e1bado.<\/p>\n\n\n\n<p>\u201cQu\u00e9 decir ante los hechos\u201d, se le pregunt\u00f3 y su respuesta fue la siguiente: \u201cPrimero que nada, insisto, se lamenta, pero tambi\u00e9n quiero ser muy clara: no hemos dejado de trabajar en materia de seguridad, no podemos asegurar que no va a pasar ning\u00fan hecho delictivo en la ciudad porque depende de varios factores; sin embargo, lo que s\u00ed es seguro es que no hemos dejado de trabajar un solo momento, para disminuir los \u00edndices\u201d.<\/p>\n\n\n\n<p><strong>\u201cNO ES DE UN D\u00cdA PARA OTRO\u201d<\/strong><\/p>\n\n\n\n<p>Con nueve meses al frente del gobierno municipal, Alejandra Guti\u00e9rrez, asegur\u00f3 los homicidios que se cometen en Le\u00f3n han disminuido en los \u00faltimos seis meses en comparaci\u00f3n con el mismo semestre del 2021. Agreg\u00f3 que la disminuci\u00f3n es del 19 por ciento, con 60 homicidios menos.<\/p>\n\n\n\n<p>\u201cUstedes lo pueden ver\u201d porque \u201clos n\u00fameros son bien fr\u00edos\u201d, expres\u00f3, al reiterar que su gobierno s\u00ed ha dado resultados en materia de seguridad.<\/p>\n\n\n\n<p>\u201cY aqu\u00ed no venimos, ni por aplausos, ni por reconocimientos, ni solamente hacer un trabajo por \u00b4encimita\u00b4. Lo que queremos son resultados profundos\u201d y eso va a llevar m\u00e1s tiempo, pero es lo que se debe de hacer y para ello, agreg\u00f3, trabaja en la capacitaci\u00f3n&nbsp; de los elementos polic\u00edacos, en la prevenci\u00f3n social del delito y en cambiar los operativos.<\/p>\n\n\n\n<p>Y reiter\u00f3: \u201cNo podemos evitar que haya ning\u00fan suceso; sin embargo, hay menos hechos de esta naturaleza\u201d pero tener un \u201ccambio profundo\u201d, como le llama, ser\u00e1 a mediano y largo plazo \u201cporque esto no es de un d\u00eda para otro\u201d.<\/p>\n\n\n\n<p><strong>2021 CON M\u00c1S HOMICIDIOS QUE 2020<\/strong><\/p>\n\n\n\n<p>Del a\u00f1o 2018 al a\u00f1o 2021, en el municipio de Le\u00f3n los asesinatos con armas de fuego se incrementaron en un 129 por ciento, de acuerdo con las estad\u00edsticas del Sistema Nacional de Seguridad P\u00fablica (SNSP).<\/p>\n\n\n\n<p>En 2021 se cometieron 586 homicidios con armas de fuego; en 2020, 522; en 2019; 359; y en 2018, 255; y de enero mayo de 2022 se cometieron 198 homicidios dolosos con arma de fuego.<\/p>\n\n\n\n<p>En enero fueron asesinadas 34 personas; en febrero, 31; en marzo, 43; y en mayo, 53, report\u00f3 el SNSP.<\/p>\n\n\n\n<p><strong>QUIERE REFORZAR VIGILANCIA AEREA NOCTURNA Y CONDRONES<\/strong><\/p>\n\n\n\n<p>Alejandra Guti\u00e9rrez anunci\u00f3 que pedir\u00e1 apoyo al gobierno del estado para reforzar la vigilancia a\u00e9rea nocturna con un helic\u00f3ptero del estado para incrementar los vuelos de vigilancia por las noches.<\/p>\n\n\n\n<p>Espera que el gobernador, Diego Sinhue Rodr\u00edguez Vallejo, apoye con un helic\u00f3ptero de visi\u00f3n nocturna para que est\u00e9 volando en Le\u00f3n.<\/p>\n\n\n\n<p>&nbsp;\u201cTambi\u00e9n nosotros estaremos arrendando o adquiriendo, ahorita estamos analizando equipos para poder estar haciendo vigilancia nocturna de manera permanente en toda la ciudad, aunado a eso son 37 puntos m\u00e1s de c\u00e1maras de vigilancia que vamos a tener y otros equipos como Body Cams\u201d, asegur\u00f3.<\/p>\n\n\n\n<p>La alcaldesa tambi\u00e9n anunci\u00f3 que analiza la posibilidad de adquirir o rentar un escuadr\u00f3n de drones para pilotaje remoto durante diversas horas del d\u00eda, adem\u00e1s de la adquisici\u00f3n de m\u00e1s c\u00e1maras de videovigilancia para elementos de la Secretar\u00eda de Seguridad, Prevenci\u00f3n y Protecci\u00f3n Ciudadana (SSPPC).<\/p>\n\n\n\n<p> \u201cLo que se trata de hacer es que se pueda estar volando en puntos focalizados. Estaremos haciendo estos vuelos, tanto con los helic\u00f3pteros con visi\u00f3n nocturna y, por otro lado, ahorita estamos analizando la parte t\u00e9cnica y tecnol\u00f3gica: qu\u00e9 es lo m\u00e1s \u00f3ptimo para que el Municipio pueda arrendar o adquirir drones que tengan visi\u00f3n nocturna\u201d, coment\u00f3.<\/p>\n","protected":false},"excerpt":{"rendered":"Alicia Arias\/Le\u00f3n, Gto.- La alcaldesa de Le\u00f3n, Alejandra Guti\u00e9rrez Campos, asegur\u00f3 que en el municipio disminuyeron los homicidios, pero \"no podemos asegurar que no va pasar ning\u00fan hecho delictivo\". As\u00ed lo declar\u00f3 en entrevista con los medios de comunicaci\u00f3n que la cuestionaron sobre el ataque armado en la colonia Santa Mar\u00eda de Cementos, donde fueron [&hellip;]","protected":false},"author":2,"featured_media":100170,"comment_status":"open","ping_status":"open","sticky":false,"template":"","format":"standard","meta":{"_seopress_robots_primary_cat":"none","_seopress_titles_title":"","_seopress_titles_desc":"","_seopress_robots_index":"","_monsterinsights_skip_tracking":false,"_monsterinsights_sitenote_active":false,"_monsterinsights_sitenote_note":"","_monsterinsights_sitenote_category":0,"footnotes":""},"categories":[3,69],"tags":[734,83,101,489],"class_list":["post-100168","post","type-post","status-publish","format-standard","has-post-thumbnail","hentry","category-politica","category-slider","tag-alejandra-gutierrez","tag-homicidios","tag-inseguridad","tag-masacre"],"yoast_head":"<!-- This site is optimized with the Yoast SEO plugin v27.4 - https:\/\/yoast.com\/product\/yoast-seo-wordpress\/ -->\n<title>BAJARON ASESINATOS, AFIRMA ALEJANDRA GUTI\u00c9RREZ - Kuali<\/title>\n<meta name=\"robots\" content=\"index, follow, max-snippet:-1, max-image-preview:large, max-video-preview:-1\" \/>\n<link rel=\"canonical\" href=\"https:\/\/kuali.com.mx\/web\/2022\/07\/11\/bajaron-asesinatos-afirma-alejandra-gutierrez\/\" \/>\n<meta property=\"og:locale\" content=\"es_MX\" \/>\n<meta property=\"og:type\" content=\"article\" \/>\n<meta property=\"og:title\" content=\"BAJARON ASESINATOS, AFIRMA ALEJANDRA GUTI\u00c9RREZ - Kuali\" \/>\n<meta property=\"og:description\" content=\"Alicia Arias\/Le\u00f3n, Gto.- La alcaldesa de Le\u00f3n, Alejandra Guti\u00e9rrez Campos, asegur\u00f3 que en el municipio disminuyeron los homicidios, pero &quot;no podemos asegurar que no va pasar ning\u00fan hecho delictivo&quot;. As\u00ed lo declar\u00f3 en entrevista con los medios de comunicaci\u00f3n que la cuestionaron sobre el ataque armado en la colonia Santa Mar\u00eda de Cementos, donde fueron [&hellip;]\" \/>\n<meta property=\"og:url\" content=\"https:\/\/kuali.com.mx\/web\/2022\/07\/11\/bajaron-asesinatos-afirma-alejandra-gutierrez\/\" \/>\n<meta property=\"og:site_name\" content=\"Kuali\" \/>\n<meta property=\"article:publisher\" content=\"https:\/\/kuali.com.mx\/web\/wp-content\/uploads\/2018\/04\/cropped-kuali_logo-1-1.png\" \/>\n<meta property=\"article:published_time\" content=\"2022-07-11T20:52:32+00:00\" \/>\n<meta property=\"article:modified_time\" content=\"2022-07-12T14:57:58+00:00\" \/>\n<meta property=\"og:image\" content=\"https:\/\/kuali.com.mx\/web\/wp-content\/uploads\/2022\/07\/Alejandra-Gutierrez.gif\" \/>\n\t<meta property=\"og:image:width\" content=\"1900\" \/>\n\t<meta property=\"og:image:height\" content=\"750\" \/>\n\t<meta property=\"og:image:type\" content=\"image\/gif\" \/>\n<meta name=\"author\" content=\"Kuali Staff\" \/>\n<meta name=\"twitter:card\" content=\"summary_large_image\" \/>\n<meta name=\"twitter:creator\" content=\"@kuali_noticias\" \/>\n<meta name=\"twitter:site\" content=\"@kuali_noticias\" \/>\n<meta name=\"twitter:label1\" content=\"Escrito por\" \/>\n\t<meta name=\"twitter:data1\" content=\"Kuali Staff\" \/>\n\t<meta name=\"twitter:label2\" content=\"Tiempo de lectura\" \/>\n\t<meta name=\"twitter:data2\" content=\"3 minutos\" \/>\n<script type=\"application\/ld+json\" class=\"yoast-schema-graph\">{\"@context\":\"https:\\\/\\\/schema.org\",\"@graph\":[{\"@type\":\"Article\",\"@id\":\"https:\\\/\\\/kuali.com.mx\\\/web\\\/2022\\\/07\\\/11\\\/bajaron-asesinatos-afirma-alejandra-gutierrez\\\/#article\",\"isPartOf\":{\"@id\":\"https:\\\/\\\/kuali.com.mx\\\/web\\\/2022\\\/07\\\/11\\\/bajaron-asesinatos-afirma-alejandra-gutierrez\\\/\"},\"author\":{\"name\":\"Kuali Staff\",\"@id\":\"https:\\\/\\\/kuali.com.mx\\\/web\\\/#\\\/schema\\\/person\\\/6f89ffa8ecba9dae50662357923c5289\"},\"headline\":\"BAJARON ASESINATOS, AFIRMA ALEJANDRA GUTI\u00c9RREZ\",\"datePublished\":\"2022-07-11T20:52:32+00:00\",\"dateModified\":\"2022-07-12T14:57:58+00:00\",\"mainEntityOfPage\":{\"@id\":\"https:\\\/\\\/kuali.com.mx\\\/web\\\/2022\\\/07\\\/11\\\/bajaron-asesinatos-afirma-alejandra-gutierrez\\\/\"},\"wordCount\":670,\"commentCount\":0,\"image\":{\"@id\":\"https:\\\/\\\/kuali.com.mx\\\/web\\\/2022\\\/07\\\/11\\\/bajaron-asesinatos-afirma-alejandra-gutierrez\\\/#primaryimage\"},\"thumbnailUrl\":\"https:\\\/\\\/kuali.com.mx\\\/web\\\/wp-content\\\/uploads\\\/2022\\\/07\\\/Alejandra-Gutierrez.gif\",\"keywords\":[\"Alejandra Guti\u00e9rrez\",\"homicidios\",\"Inseguridad\",\"Masacre\"],\"articleSection\":[\"Pol\u00edtica\",\"slider\"],\"inLanguage\":\"es\",\"potentialAction\":[{\"@type\":\"CommentAction\",\"name\":\"Comment\",\"target\":[\"https:\\\/\\\/kuali.com.mx\\\/web\\\/2022\\\/07\\\/11\\\/bajaron-asesinatos-afirma-alejandra-gutierrez\\\/#respond\"]}]},{\"@type\":\"WebPage\",\"@id\":\"https:\\\/\\\/kuali.com.mx\\\/web\\\/2022\\\/07\\\/11\\\/bajaron-asesinatos-afirma-alejandra-gutierrez\\\/\",\"url\":\"https:\\\/\\\/kuali.com.mx\\\/web\\\/2022\\\/07\\\/11\\\/bajaron-asesinatos-afirma-alejandra-gutierrez\\\/\",\"name\":\"BAJARON ASESINATOS, AFIRMA ALEJANDRA GUTI\u00c9RREZ - Kuali\",\"isPartOf\":{\"@id\":\"https:\\\/\\\/kuali.com.mx\\\/web\\\/#website\"},\"primaryImageOfPage\":{\"@id\":\"https:\\\/\\\/kuali.com.mx\\\/web\\\/2022\\\/07\\\/11\\\/bajaron-asesinatos-afirma-alejandra-gutierrez\\\/#primaryimage\"},\"image\":{\"@id\":\"https:\\\/\\\/kuali.com.mx\\\/web\\\/2022\\\/07\\\/11\\\/bajaron-asesinatos-afirma-alejandra-gutierrez\\\/#primaryimage\"},\"thumbnailUrl\":\"https:\\\/\\\/kuali.com.mx\\\/web\\\/wp-content\\\/uploads\\\/2022\\\/07\\\/Alejandra-Gutierrez.gif\",\"datePublished\":\"2022-07-11T20:52:32+00:00\",\"dateModified\":\"2022-07-12T14:57:58+00:00\",\"author\":{\"@id\":\"https:\\\/\\\/kuali.com.mx\\\/web\\\/#\\\/schema\\\/person\\\/6f89ffa8ecba9dae50662357923c5289\"},\"breadcrumb\":{\"@id\":\"https:\\\/\\\/kuali.com.mx\\\/web\\\/2022\\\/07\\\/11\\\/bajaron-asesinatos-afirma-alejandra-gutierrez\\\/#breadcrumb\"},\"inLanguage\":\"es\",\"potentialAction\":[{\"@type\":\"ReadAction\",\"target\":[\"https:\\\/\\\/kuali.com.mx\\\/web\\\/2022\\\/07\\\/11\\\/bajaron-asesinatos-afirma-alejandra-gutierrez\\\/\"]}]},{\"@type\":\"ImageObject\",\"inLanguage\":\"es\",\"@id\":\"https:\\\/\\\/kuali.com.mx\\\/web\\\/2022\\\/07\\\/11\\\/bajaron-asesinatos-afirma-alejandra-gutierrez\\\/#primaryimage\",\"url\":\"https:\\\/\\\/kuali.com.mx\\\/web\\\/wp-content\\\/uploads\\\/2022\\\/07\\\/Alejandra-Gutierrez.gif\",\"contentUrl\":\"https:\\\/\\\/kuali.com.mx\\\/web\\\/wp-content\\\/uploads\\\/2022\\\/07\\\/Alejandra-Gutierrez.gif\",\"width\":1900,\"height\":750},{\"@type\":\"BreadcrumbList\",\"@id\":\"https:\\\/\\\/kuali.com.mx\\\/web\\\/2022\\\/07\\\/11\\\/bajaron-asesinatos-afirma-alejandra-gutierrez\\\/#breadcrumb\",\"itemListElement\":[{\"@type\":\"ListItem\",\"position\":1,\"name\":\"Inicio\",\"item\":\"https:\\\/\\\/kuali.com.mx\\\/web\\\/\"},{\"@type\":\"ListItem\",\"position\":2,\"name\":\"BAJARON ASESINATOS, AFIRMA ALEJANDRA GUTI\u00c9RREZ\"}]},{\"@type\":\"WebSite\",\"@id\":\"https:\\\/\\\/kuali.com.mx\\\/web\\\/#website\",\"url\":\"https:\\\/\\\/kuali.com.mx\\\/web\\\/\",\"name\":\"Kuali\",\"description\":\"\",\"potentialAction\":[{\"@type\":\"SearchAction\",\"target\":{\"@type\":\"EntryPoint\",\"urlTemplate\":\"https:\\\/\\\/kuali.com.mx\\\/web\\\/?s={search_term_string}\"},\"query-input\":{\"@type\":\"PropertyValueSpecification\",\"valueRequired\":true,\"valueName\":\"search_term_string\"}}],\"inLanguage\":\"es\"},{\"@type\":\"Person\",\"@id\":\"https:\\\/\\\/kuali.com.mx\\\/web\\\/#\\\/schema\\\/person\\\/6f89ffa8ecba9dae50662357923c5289\",\"name\":\"Kuali Staff\",\"image\":{\"@type\":\"ImageObject\",\"inLanguage\":\"es\",\"@id\":\"https:\\\/\\\/secure.gravatar.com\\\/avatar\\\/f917ad82e5ab71227a733c78b6e60715476f69ee6be59feee4eb5d9920c89e0f?s=96&d=mm&r=g\",\"url\":\"https:\\\/\\\/secure.gravatar.com\\\/avatar\\\/f917ad82e5ab71227a733c78b6e60715476f69ee6be59feee4eb5d9920c89e0f?s=96&d=mm&r=g\",\"contentUrl\":\"https:\\\/\\\/secure.gravatar.com\\\/avatar\\\/f917ad82e5ab71227a733c78b6e60715476f69ee6be59feee4eb5d9920c89e0f?s=96&d=mm&r=g\",\"caption\":\"Kuali Staff\"},\"url\":\"https:\\\/\\\/kuali.com.mx\\\/web\\\/author\\\/lagarto\\\/\"}]}<\/script>\n<!-- \/ Yoast SEO plugin. -->","yoast_head_json":{"title":"BAJARON ASESINATOS, AFIRMA ALEJANDRA GUTI\u00c9RREZ - Kuali","robots":{"index":"index","follow":"follow","max-snippet":"max-snippet:-1","max-image-preview":"max-image-preview:large","max-video-preview":"max-video-preview:-1"},"canonical":"https:\/\/kuali.com.mx\/web\/2022\/07\/11\/bajaron-asesinatos-afirma-alejandra-gutierrez\/","og_locale":"es_MX","og_type":"article","og_title":"BAJARON ASESINATOS, AFIRMA ALEJANDRA GUTI\u00c9RREZ - Kuali","og_description":"Alicia Arias\/Le\u00f3n, Gto.- La alcaldesa de Le\u00f3n, Alejandra Guti\u00e9rrez Campos, asegur\u00f3 que en el municipio disminuyeron los homicidios, pero \"no podemos asegurar que no va pasar ning\u00fan hecho delictivo\". As\u00ed lo declar\u00f3 en entrevista con los medios de comunicaci\u00f3n que la cuestionaron sobre el ataque armado en la colonia Santa Mar\u00eda de Cementos, donde fueron [&hellip;]","og_url":"https:\/\/kuali.com.mx\/web\/2022\/07\/11\/bajaron-asesinatos-afirma-alejandra-gutierrez\/","og_site_name":"Kuali","article_publisher":"https:\/\/kuali.com.mx\/web\/wp-content\/uploads\/2018\/04\/cropped-kuali_logo-1-1.png","article_published_time":"2022-07-11T20:52:32+00:00","article_modified_time":"2022-07-12T14:57:58+00:00","og_image":[{"width":1900,"height":750,"url":"https:\/\/kuali.com.mx\/web\/wp-content\/uploads\/2022\/07\/Alejandra-Gutierrez.gif","type":"image\/gif"}],"author":"Kuali Staff","twitter_card":"summary_large_image","twitter_creator":"@kuali_noticias","twitter_site":"@kuali_noticias","twitter_misc":{"Escrito por":"Kuali Staff","Tiempo de lectura":"3 minutos"},"schema":{"@context":"https:\/\/schema.org","@graph":[{"@type":"Article","@id":"https:\/\/kuali.com.mx\/web\/2022\/07\/11\/bajaron-asesinatos-afirma-alejandra-gutierrez\/#article","isPartOf":{"@id":"https:\/\/kuali.com.mx\/web\/2022\/07\/11\/bajaron-asesinatos-afirma-alejandra-gutierrez\/"},"author":{"name":"Kuali Staff","@id":"https:\/\/kuali.com.mx\/web\/#\/schema\/person\/6f89ffa8ecba9dae50662357923c5289"},"headline":"BAJARON ASESINATOS, AFIRMA ALEJANDRA GUTI\u00c9RREZ","datePublished":"2022-07-11T20:52:32+00:00","dateModified":"2022-07-12T14:57:58+00:00","mainEntityOfPage":{"@id":"https:\/\/kuali.com.mx\/web\/2022\/07\/11\/bajaron-asesinatos-afirma-alejandra-gutierrez\/"},"wordCount":670,"commentCount":0,"image":{"@id":"https:\/\/kuali.com.mx\/web\/2022\/07\/11\/bajaron-asesinatos-afirma-alejandra-gutierrez\/#primaryimage"},"thumbnailUrl":"https:\/\/kuali.com.mx\/web\/wp-content\/uploads\/2022\/07\/Alejandra-Gutierrez.gif","keywords":["Alejandra Guti\u00e9rrez","homicidios","Inseguridad","Masacre"],"articleSection":["Pol\u00edtica","slider"],"inLanguage":"es","potentialAction":[{"@type":"CommentAction","name":"Comment","target":["https:\/\/kuali.com.mx\/web\/2022\/07\/11\/bajaron-asesinatos-afirma-alejandra-gutierrez\/#respond"]}]},{"@type":"WebPage","@id":"https:\/\/kuali.com.mx\/web\/2022\/07\/11\/bajaron-asesinatos-afirma-alejandra-gutierrez\/","url":"https:\/\/kuali.com.mx\/web\/2022\/07\/11\/bajaron-asesinatos-afirma-alejandra-gutierrez\/","name":"BAJARON ASESINATOS, AFIRMA ALEJANDRA GUTI\u00c9RREZ - Kuali","isPartOf":{"@id":"https:\/\/kuali.com.mx\/web\/#website"},"primaryImageOfPage":{"@id":"https:\/\/kuali.com.mx\/web\/2022\/07\/11\/bajaron-asesinatos-afirma-alejandra-gutierrez\/#primaryimage"},"image":{"@id":"https:\/\/kuali.com.mx\/web\/2022\/07\/11\/bajaron-asesinatos-afirma-alejandra-gutierrez\/#primaryimage"},"thumbnailUrl":"https:\/\/kuali.com.mx\/web\/wp-content\/uploads\/2022\/07\/Alejandra-Gutierrez.gif","datePublished":"2022-07-11T20:52:32+00:00","dateModified":"2022-07-12T14:57:58+00:00","author":{"@id":"https:\/\/kuali.com.mx\/web\/#\/schema\/person\/6f89ffa8ecba9dae50662357923c5289"},"breadcrumb":{"@id":"https:\/\/kuali.com.mx\/web\/2022\/07\/11\/bajaron-asesinatos-afirma-alejandra-gutierrez\/#breadcrumb"},"inLanguage":"es","potentialAction":[{"@type":"ReadAction","target":["https:\/\/kuali.com.mx\/web\/2022\/07\/11\/bajaron-asesinatos-afirma-alejandra-gutierrez\/"]}]},{"@type":"ImageObject","inLanguage":"es","@id":"https:\/\/kuali.com.mx\/web\/2022\/07\/11\/bajaron-asesinatos-afirma-alejandra-gutierrez\/#primaryimage","url":"https:\/\/kuali.com.mx\/web\/wp-content\/uploads\/2022\/07\/Alejandra-Gutierrez.gif","contentUrl":"https:\/\/kuali.com.mx\/web\/wp-content\/uploads\/2022\/07\/Alejandra-Gutierrez.gif","width":1900,"height":750},{"@type":"BreadcrumbList","@id":"https:\/\/kuali.com.mx\/web\/2022\/07\/11\/bajaron-asesinatos-afirma-alejandra-gutierrez\/#breadcrumb","itemListElement":[{"@type":"ListItem","position":1,"name":"Inicio","item":"https:\/\/kuali.com.mx\/web\/"},{"@type":"ListItem","position":2,"name":"BAJARON ASESINATOS, AFIRMA ALEJANDRA GUTI\u00c9RREZ"}]},{"@type":"WebSite","@id":"https:\/\/kuali.com.mx\/web\/#website","url":"https:\/\/kuali.com.mx\/web\/","name":"Kuali","description":"","potentialAction":[{"@type":"SearchAction","target":{"@type":"EntryPoint","urlTemplate":"https:\/\/kuali.com.mx\/web\/?s={search_term_string}"},"query-input":{"@type":"PropertyValueSpecification","valueRequired":true,"valueName":"search_term_string"}}],"inLanguage":"es"},{"@type":"Person","@id":"https:\/\/kuali.com.mx\/web\/#\/schema\/person\/6f89ffa8ecba9dae50662357923c5289","name":"Kuali Staff","image":{"@type":"ImageObject","inLanguage":"es","@id":"https:\/\/secure.gravatar.com\/avatar\/f917ad82e5ab71227a733c78b6e60715476f69ee6be59feee4eb5d9920c89e0f?s=96&d=mm&r=g","url":"https:\/\/secure.gravatar.com\/avatar\/f917ad82e5ab71227a733c78b6e60715476f69ee6be59feee4eb5d9920c89e0f?s=96&d=mm&r=g","contentUrl":"https:\/\/secure.gravatar.com\/avatar\/f917ad82e5ab71227a733c78b6e60715476f69ee6be59feee4eb5d9920c89e0f?s=96&d=mm&r=g","caption":"Kuali Staff"},"url":"https:\/\/kuali.com.mx\/web\/author\/lagarto\/"}]}},"_links":{"self":[{"href":"https:\/\/kuali.com.mx\/web\/wp-json\/wp\/v2\/posts\/100168","targetHints":{"allow":["GET"]}}],"collection":[{"href":"https:\/\/kuali.com.mx\/web\/wp-json\/wp\/v2\/posts"}],"about":[{"href":"https:\/\/kuali.com.mx\/web\/wp-json\/wp\/v2\/types\/post"}],"author":[{"embeddable":true,"href":"https:\/\/kuali.com.mx\/web\/wp-json\/wp\/v2\/users\/2"}],"replies":[{"embeddable":true,"href":"https:\/\/kuali.com.mx\/web\/wp-json\/wp\/v2\/comments?post=100168"}],"version-history":[{"count":4,"href":"https:\/\/kuali.com.mx\/web\/wp-json\/wp\/v2\/posts\/100168\/revisions"}],"predecessor-version":[{"id":100187,"href":"https:\/\/kuali.com.mx\/web\/wp-json\/wp\/v2\/posts\/100168\/revisions\/100187"}],"wp:featuredmedia":[{"embeddable":true,"href":"https:\/\/kuali.com.mx\/web\/wp-json\/wp\/v2\/media\/100170"}],"wp:attachment":[{"href":"https:\/\/kuali.com.mx\/web\/wp-json\/wp\/v2\/media?parent=100168"}],"wp:term":[{"taxonomy":"category","embeddable":true,"href":"https:\/\/kuali.com.mx\/web\/wp-json\/wp\/v2\/categories?post=100168"},{"taxonomy":"post_tag","embeddable":true,"href":"https:\/\/kuali.com.mx\/web\/wp-json\/wp\/v2\/tags?post=100168"}],"curies":[{"name":"wp","href":"https:\/\/api.w.org\/{rel}","templated":true}]}}