{"id":100157,"date":"2022-07-11T12:53:00","date_gmt":"2022-07-11T18:53:00","guid":{"rendered":"https:\/\/kuali.com.mx\/web\/?p=100157"},"modified":"2022-07-11T16:58:32","modified_gmt":"2022-07-11T22:58:32","slug":"critica-anaya-inauguracion-de-refineria-olmeca","status":"publish","type":"post","link":"https:\/\/kuali.com.mx\/web\/2022\/07\/11\/critica-anaya-inauguracion-de-refineria-olmeca\/","title":{"rendered":"CRITICA ANAYA INAUGURACI\u00d3N DE REFINER\u00cdA OLMECA"},"content":{"rendered":"\n<p><strong><em>La Jornada\/Ciudad de M\u00e9xico.-<\/em><\/strong> Ricardo Anaya, en su autoexilio en Estados Unidos, critic\u00f3 de nueva cuenta al presidente Andr\u00e9s Manuel L\u00f3pez Obrador por la inauguraci\u00f3n de la refiner\u00eda Olmeca (en Dos Bocas, Tabasco), porque le faltan a\u00f1os para estar terminada. \u201cSe ha convertido exactamente en lo que \u00e9l mismo criticaba, como pura faramalla\u201d, dijo.<\/p>\n\n\n\n<p>En un nuevo video semanal, el queretano, quien enfrenta un proceso por manejo de recursos de procedencia inexplicable, apunt\u00f3 que los \u201ccaprichos de L\u00f3pez Obrador son un tiradero de dinero, que proviene de los impuestos de todos, como si no hubiera otras necesidades\u201d.<\/p>\n\n\n\n<p>Anaya insisti\u00f3 en que la refinaci\u00f3n de petr\u00f3leo es obsoleta, porque \u201clo rentable para M\u00e9xico es extraer petr\u00f3leo y venderlo ahorita que su precio es alto; para cuando Dos Bocas pueda empezar a producir, pues va a estar m\u00e1s cerca la fecha en que ninguna marca importante va a volver a fabricar veh\u00edculos de gasolina\u201d.<\/p>\n","protected":false},"excerpt":{"rendered":"La Jornada\/Ciudad de M\u00e9xico.- Ricardo Anaya, en su autoexilio en Estados Unidos, critic\u00f3 de nueva cuenta al presidente Andr\u00e9s Manuel L\u00f3pez Obrador por la inauguraci\u00f3n de la refiner\u00eda Olmeca (en Dos Bocas, Tabasco), porque le faltan a\u00f1os para estar terminada. \u201cSe ha convertido exactamente en lo que \u00e9l mismo criticaba, como pura faramalla\u201d, dijo. En [&hellip;]","protected":false},"author":2,"featured_media":41226,"comment_status":"open","ping_status":"open","sticky":false,"template":"","format":"standard","meta":{"_seopress_robots_primary_cat":"none","_seopress_titles_title":"","_seopress_titles_desc":"","_seopress_robots_index":"","_monsterinsights_skip_tracking":false,"_monsterinsights_sitenote_active":false,"_monsterinsights_sitenote_note":"","_monsterinsights_sitenote_category":0,"footnotes":""},"categories":[3],"tags":[],"class_list":["post-100157","post","type-post","status-publish","format-standard","has-post-thumbnail","hentry","category-politica"],"yoast_head":"<!-- This site is optimized with the Yoast SEO plugin v27.4 - https:\/\/yoast.com\/product\/yoast-seo-wordpress\/ -->\n<title>CRITICA ANAYA INAUGURACI\u00d3N DE REFINER\u00cdA OLMECA - Kuali<\/title>\n<meta name=\"robots\" content=\"index, follow, max-snippet:-1, max-image-preview:large, max-video-preview:-1\" \/>\n<link rel=\"canonical\" href=\"https:\/\/kuali.com.mx\/web\/2022\/07\/11\/critica-anaya-inauguracion-de-refineria-olmeca\/\" \/>\n<meta property=\"og:locale\" content=\"es_MX\" \/>\n<meta property=\"og:type\" content=\"article\" \/>\n<meta property=\"og:title\" content=\"CRITICA ANAYA INAUGURACI\u00d3N DE REFINER\u00cdA OLMECA - Kuali\" \/>\n<meta property=\"og:description\" content=\"La Jornada\/Ciudad de M\u00e9xico.- Ricardo Anaya, en su autoexilio en Estados Unidos, critic\u00f3 de nueva cuenta al presidente Andr\u00e9s Manuel L\u00f3pez Obrador por la inauguraci\u00f3n de la refiner\u00eda Olmeca (en Dos Bocas, Tabasco), porque le faltan a\u00f1os para estar terminada. \u201cSe ha convertido exactamente en lo que \u00e9l mismo criticaba, como pura faramalla\u201d, dijo. En [&hellip;]\" \/>\n<meta property=\"og:url\" content=\"https:\/\/kuali.com.mx\/web\/2022\/07\/11\/critica-anaya-inauguracion-de-refineria-olmeca\/\" \/>\n<meta property=\"og:site_name\" content=\"Kuali\" \/>\n<meta property=\"article:publisher\" content=\"https:\/\/kuali.com.mx\/web\/wp-content\/uploads\/2018\/04\/cropped-kuali_logo-1-1.png\" \/>\n<meta property=\"article:published_time\" content=\"2022-07-11T18:53:00+00:00\" \/>\n<meta property=\"article:modified_time\" content=\"2022-07-11T22:58:32+00:00\" \/>\n<meta property=\"og:image\" content=\"https:\/\/kuali.com.mx\/web\/wp-content\/uploads\/2018\/06\/Anaya-Cierre-campa\u00f1a.jpg\" \/>\n\t<meta property=\"og:image:width\" content=\"2182\" \/>\n\t<meta property=\"og:image:height\" content=\"750\" \/>\n\t<meta property=\"og:image:type\" content=\"image\/jpeg\" \/>\n<meta name=\"author\" content=\"Kuali Staff\" \/>\n<meta name=\"twitter:card\" content=\"summary_large_image\" \/>\n<meta name=\"twitter:creator\" content=\"@kuali_noticias\" \/>\n<meta name=\"twitter:site\" content=\"@kuali_noticias\" \/>\n<meta name=\"twitter:label1\" content=\"Escrito por\" \/>\n\t<meta name=\"twitter:data1\" content=\"Kuali Staff\" \/>\n\t<meta name=\"twitter:label2\" content=\"Tiempo de lectura\" \/>\n\t<meta name=\"twitter:data2\" content=\"1 minuto\" \/>\n<script type=\"application\/ld+json\" class=\"yoast-schema-graph\">{\"@context\":\"https:\\\/\\\/schema.org\",\"@graph\":[{\"@type\":\"Article\",\"@id\":\"https:\\\/\\\/kuali.com.mx\\\/web\\\/2022\\\/07\\\/11\\\/critica-anaya-inauguracion-de-refineria-olmeca\\\/#article\",\"isPartOf\":{\"@id\":\"https:\\\/\\\/kuali.com.mx\\\/web\\\/2022\\\/07\\\/11\\\/critica-anaya-inauguracion-de-refineria-olmeca\\\/\"},\"author\":{\"name\":\"Kuali Staff\",\"@id\":\"https:\\\/\\\/kuali.com.mx\\\/web\\\/#\\\/schema\\\/person\\\/6f89ffa8ecba9dae50662357923c5289\"},\"headline\":\"CRITICA ANAYA INAUGURACI\u00d3N DE REFINER\u00cdA OLMECA\",\"datePublished\":\"2022-07-11T18:53:00+00:00\",\"dateModified\":\"2022-07-11T22:58:32+00:00\",\"mainEntityOfPage\":{\"@id\":\"https:\\\/\\\/kuali.com.mx\\\/web\\\/2022\\\/07\\\/11\\\/critica-anaya-inauguracion-de-refineria-olmeca\\\/\"},\"wordCount\":175,\"commentCount\":0,\"image\":{\"@id\":\"https:\\\/\\\/kuali.com.mx\\\/web\\\/2022\\\/07\\\/11\\\/critica-anaya-inauguracion-de-refineria-olmeca\\\/#primaryimage\"},\"thumbnailUrl\":\"https:\\\/\\\/kuali.com.mx\\\/web\\\/wp-content\\\/uploads\\\/2018\\\/06\\\/Anaya-Cierre-campa\u00f1a.jpg\",\"articleSection\":[\"Pol\u00edtica\"],\"inLanguage\":\"es\",\"potentialAction\":[{\"@type\":\"CommentAction\",\"name\":\"Comment\",\"target\":[\"https:\\\/\\\/kuali.com.mx\\\/web\\\/2022\\\/07\\\/11\\\/critica-anaya-inauguracion-de-refineria-olmeca\\\/#respond\"]}]},{\"@type\":\"WebPage\",\"@id\":\"https:\\\/\\\/kuali.com.mx\\\/web\\\/2022\\\/07\\\/11\\\/critica-anaya-inauguracion-de-refineria-olmeca\\\/\",\"url\":\"https:\\\/\\\/kuali.com.mx\\\/web\\\/2022\\\/07\\\/11\\\/critica-anaya-inauguracion-de-refineria-olmeca\\\/\",\"name\":\"CRITICA ANAYA INAUGURACI\u00d3N DE REFINER\u00cdA OLMECA - Kuali\",\"isPartOf\":{\"@id\":\"https:\\\/\\\/kuali.com.mx\\\/web\\\/#website\"},\"primaryImageOfPage\":{\"@id\":\"https:\\\/\\\/kuali.com.mx\\\/web\\\/2022\\\/07\\\/11\\\/critica-anaya-inauguracion-de-refineria-olmeca\\\/#primaryimage\"},\"image\":{\"@id\":\"https:\\\/\\\/kuali.com.mx\\\/web\\\/2022\\\/07\\\/11\\\/critica-anaya-inauguracion-de-refineria-olmeca\\\/#primaryimage\"},\"thumbnailUrl\":\"https:\\\/\\\/kuali.com.mx\\\/web\\\/wp-content\\\/uploads\\\/2018\\\/06\\\/Anaya-Cierre-campa\u00f1a.jpg\",\"datePublished\":\"2022-07-11T18:53:00+00:00\",\"dateModified\":\"2022-07-11T22:58:32+00:00\",\"author\":{\"@id\":\"https:\\\/\\\/kuali.com.mx\\\/web\\\/#\\\/schema\\\/person\\\/6f89ffa8ecba9dae50662357923c5289\"},\"breadcrumb\":{\"@id\":\"https:\\\/\\\/kuali.com.mx\\\/web\\\/2022\\\/07\\\/11\\\/critica-anaya-inauguracion-de-refineria-olmeca\\\/#breadcrumb\"},\"inLanguage\":\"es\",\"potentialAction\":[{\"@type\":\"ReadAction\",\"target\":[\"https:\\\/\\\/kuali.com.mx\\\/web\\\/2022\\\/07\\\/11\\\/critica-anaya-inauguracion-de-refineria-olmeca\\\/\"]}]},{\"@type\":\"ImageObject\",\"inLanguage\":\"es\",\"@id\":\"https:\\\/\\\/kuali.com.mx\\\/web\\\/2022\\\/07\\\/11\\\/critica-anaya-inauguracion-de-refineria-olmeca\\\/#primaryimage\",\"url\":\"https:\\\/\\\/kuali.com.mx\\\/web\\\/wp-content\\\/uploads\\\/2018\\\/06\\\/Anaya-Cierre-campa\u00f1a.jpg\",\"contentUrl\":\"https:\\\/\\\/kuali.com.mx\\\/web\\\/wp-content\\\/uploads\\\/2018\\\/06\\\/Anaya-Cierre-campa\u00f1a.jpg\",\"width\":2182,\"height\":750},{\"@type\":\"BreadcrumbList\",\"@id\":\"https:\\\/\\\/kuali.com.mx\\\/web\\\/2022\\\/07\\\/11\\\/critica-anaya-inauguracion-de-refineria-olmeca\\\/#breadcrumb\",\"itemListElement\":[{\"@type\":\"ListItem\",\"position\":1,\"name\":\"Inicio\",\"item\":\"https:\\\/\\\/kuali.com.mx\\\/web\\\/\"},{\"@type\":\"ListItem\",\"position\":2,\"name\":\"CRITICA ANAYA INAUGURACI\u00d3N DE REFINER\u00cdA OLMECA\"}]},{\"@type\":\"WebSite\",\"@id\":\"https:\\\/\\\/kuali.com.mx\\\/web\\\/#website\",\"url\":\"https:\\\/\\\/kuali.com.mx\\\/web\\\/\",\"name\":\"Kuali\",\"description\":\"\",\"potentialAction\":[{\"@type\":\"SearchAction\",\"target\":{\"@type\":\"EntryPoint\",\"urlTemplate\":\"https:\\\/\\\/kuali.com.mx\\\/web\\\/?s={search_term_string}\"},\"query-input\":{\"@type\":\"PropertyValueSpecification\",\"valueRequired\":true,\"valueName\":\"search_term_string\"}}],\"inLanguage\":\"es\"},{\"@type\":\"Person\",\"@id\":\"https:\\\/\\\/kuali.com.mx\\\/web\\\/#\\\/schema\\\/person\\\/6f89ffa8ecba9dae50662357923c5289\",\"name\":\"Kuali Staff\",\"image\":{\"@type\":\"ImageObject\",\"inLanguage\":\"es\",\"@id\":\"https:\\\/\\\/secure.gravatar.com\\\/avatar\\\/f917ad82e5ab71227a733c78b6e60715476f69ee6be59feee4eb5d9920c89e0f?s=96&d=mm&r=g\",\"url\":\"https:\\\/\\\/secure.gravatar.com\\\/avatar\\\/f917ad82e5ab71227a733c78b6e60715476f69ee6be59feee4eb5d9920c89e0f?s=96&d=mm&r=g\",\"contentUrl\":\"https:\\\/\\\/secure.gravatar.com\\\/avatar\\\/f917ad82e5ab71227a733c78b6e60715476f69ee6be59feee4eb5d9920c89e0f?s=96&d=mm&r=g\",\"caption\":\"Kuali Staff\"},\"url\":\"https:\\\/\\\/kuali.com.mx\\\/web\\\/author\\\/lagarto\\\/\"}]}<\/script>\n<!-- \/ Yoast SEO plugin. -->","yoast_head_json":{"title":"CRITICA ANAYA INAUGURACI\u00d3N DE REFINER\u00cdA OLMECA - Kuali","robots":{"index":"index","follow":"follow","max-snippet":"max-snippet:-1","max-image-preview":"max-image-preview:large","max-video-preview":"max-video-preview:-1"},"canonical":"https:\/\/kuali.com.mx\/web\/2022\/07\/11\/critica-anaya-inauguracion-de-refineria-olmeca\/","og_locale":"es_MX","og_type":"article","og_title":"CRITICA ANAYA INAUGURACI\u00d3N DE REFINER\u00cdA OLMECA - Kuali","og_description":"La Jornada\/Ciudad de M\u00e9xico.- Ricardo Anaya, en su autoexilio en Estados Unidos, critic\u00f3 de nueva cuenta al presidente Andr\u00e9s Manuel L\u00f3pez Obrador por la inauguraci\u00f3n de la refiner\u00eda Olmeca (en Dos Bocas, Tabasco), porque le faltan a\u00f1os para estar terminada. \u201cSe ha convertido exactamente en lo que \u00e9l mismo criticaba, como pura faramalla\u201d, dijo. En [&hellip;]","og_url":"https:\/\/kuali.com.mx\/web\/2022\/07\/11\/critica-anaya-inauguracion-de-refineria-olmeca\/","og_site_name":"Kuali","article_publisher":"https:\/\/kuali.com.mx\/web\/wp-content\/uploads\/2018\/04\/cropped-kuali_logo-1-1.png","article_published_time":"2022-07-11T18:53:00+00:00","article_modified_time":"2022-07-11T22:58:32+00:00","og_image":[{"width":2182,"height":750,"url":"https:\/\/kuali.com.mx\/web\/wp-content\/uploads\/2018\/06\/Anaya-Cierre-campa\u00f1a.jpg","type":"image\/jpeg"}],"author":"Kuali Staff","twitter_card":"summary_large_image","twitter_creator":"@kuali_noticias","twitter_site":"@kuali_noticias","twitter_misc":{"Escrito por":"Kuali Staff","Tiempo de lectura":"1 minuto"},"schema":{"@context":"https:\/\/schema.org","@graph":[{"@type":"Article","@id":"https:\/\/kuali.com.mx\/web\/2022\/07\/11\/critica-anaya-inauguracion-de-refineria-olmeca\/#article","isPartOf":{"@id":"https:\/\/kuali.com.mx\/web\/2022\/07\/11\/critica-anaya-inauguracion-de-refineria-olmeca\/"},"author":{"name":"Kuali Staff","@id":"https:\/\/kuali.com.mx\/web\/#\/schema\/person\/6f89ffa8ecba9dae50662357923c5289"},"headline":"CRITICA ANAYA INAUGURACI\u00d3N DE REFINER\u00cdA OLMECA","datePublished":"2022-07-11T18:53:00+00:00","dateModified":"2022-07-11T22:58:32+00:00","mainEntityOfPage":{"@id":"https:\/\/kuali.com.mx\/web\/2022\/07\/11\/critica-anaya-inauguracion-de-refineria-olmeca\/"},"wordCount":175,"commentCount":0,"image":{"@id":"https:\/\/kuali.com.mx\/web\/2022\/07\/11\/critica-anaya-inauguracion-de-refineria-olmeca\/#primaryimage"},"thumbnailUrl":"https:\/\/kuali.com.mx\/web\/wp-content\/uploads\/2018\/06\/Anaya-Cierre-campa\u00f1a.jpg","articleSection":["Pol\u00edtica"],"inLanguage":"es","potentialAction":[{"@type":"CommentAction","name":"Comment","target":["https:\/\/kuali.com.mx\/web\/2022\/07\/11\/critica-anaya-inauguracion-de-refineria-olmeca\/#respond"]}]},{"@type":"WebPage","@id":"https:\/\/kuali.com.mx\/web\/2022\/07\/11\/critica-anaya-inauguracion-de-refineria-olmeca\/","url":"https:\/\/kuali.com.mx\/web\/2022\/07\/11\/critica-anaya-inauguracion-de-refineria-olmeca\/","name":"CRITICA ANAYA INAUGURACI\u00d3N DE REFINER\u00cdA OLMECA - Kuali","isPartOf":{"@id":"https:\/\/kuali.com.mx\/web\/#website"},"primaryImageOfPage":{"@id":"https:\/\/kuali.com.mx\/web\/2022\/07\/11\/critica-anaya-inauguracion-de-refineria-olmeca\/#primaryimage"},"image":{"@id":"https:\/\/kuali.com.mx\/web\/2022\/07\/11\/critica-anaya-inauguracion-de-refineria-olmeca\/#primaryimage"},"thumbnailUrl":"https:\/\/kuali.com.mx\/web\/wp-content\/uploads\/2018\/06\/Anaya-Cierre-campa\u00f1a.jpg","datePublished":"2022-07-11T18:53:00+00:00","dateModified":"2022-07-11T22:58:32+00:00","author":{"@id":"https:\/\/kuali.com.mx\/web\/#\/schema\/person\/6f89ffa8ecba9dae50662357923c5289"},"breadcrumb":{"@id":"https:\/\/kuali.com.mx\/web\/2022\/07\/11\/critica-anaya-inauguracion-de-refineria-olmeca\/#breadcrumb"},"inLanguage":"es","potentialAction":[{"@type":"ReadAction","target":["https:\/\/kuali.com.mx\/web\/2022\/07\/11\/critica-anaya-inauguracion-de-refineria-olmeca\/"]}]},{"@type":"ImageObject","inLanguage":"es","@id":"https:\/\/kuali.com.mx\/web\/2022\/07\/11\/critica-anaya-inauguracion-de-refineria-olmeca\/#primaryimage","url":"https:\/\/kuali.com.mx\/web\/wp-content\/uploads\/2018\/06\/Anaya-Cierre-campa\u00f1a.jpg","contentUrl":"https:\/\/kuali.com.mx\/web\/wp-content\/uploads\/2018\/06\/Anaya-Cierre-campa\u00f1a.jpg","width":2182,"height":750},{"@type":"BreadcrumbList","@id":"https:\/\/kuali.com.mx\/web\/2022\/07\/11\/critica-anaya-inauguracion-de-refineria-olmeca\/#breadcrumb","itemListElement":[{"@type":"ListItem","position":1,"name":"Inicio","item":"https:\/\/kuali.com.mx\/web\/"},{"@type":"ListItem","position":2,"name":"CRITICA ANAYA INAUGURACI\u00d3N DE REFINER\u00cdA OLMECA"}]},{"@type":"WebSite","@id":"https:\/\/kuali.com.mx\/web\/#website","url":"https:\/\/kuali.com.mx\/web\/","name":"Kuali","description":"","potentialAction":[{"@type":"SearchAction","target":{"@type":"EntryPoint","urlTemplate":"https:\/\/kuali.com.mx\/web\/?s={search_term_string}"},"query-input":{"@type":"PropertyValueSpecification","valueRequired":true,"valueName":"search_term_string"}}],"inLanguage":"es"},{"@type":"Person","@id":"https:\/\/kuali.com.mx\/web\/#\/schema\/person\/6f89ffa8ecba9dae50662357923c5289","name":"Kuali Staff","image":{"@type":"ImageObject","inLanguage":"es","@id":"https:\/\/secure.gravatar.com\/avatar\/f917ad82e5ab71227a733c78b6e60715476f69ee6be59feee4eb5d9920c89e0f?s=96&d=mm&r=g","url":"https:\/\/secure.gravatar.com\/avatar\/f917ad82e5ab71227a733c78b6e60715476f69ee6be59feee4eb5d9920c89e0f?s=96&d=mm&r=g","contentUrl":"https:\/\/secure.gravatar.com\/avatar\/f917ad82e5ab71227a733c78b6e60715476f69ee6be59feee4eb5d9920c89e0f?s=96&d=mm&r=g","caption":"Kuali Staff"},"url":"https:\/\/kuali.com.mx\/web\/author\/lagarto\/"}]}},"_links":{"self":[{"href":"https:\/\/kuali.com.mx\/web\/wp-json\/wp\/v2\/posts\/100157","targetHints":{"allow":["GET"]}}],"collection":[{"href":"https:\/\/kuali.com.mx\/web\/wp-json\/wp\/v2\/posts"}],"about":[{"href":"https:\/\/kuali.com.mx\/web\/wp-json\/wp\/v2\/types\/post"}],"author":[{"embeddable":true,"href":"https:\/\/kuali.com.mx\/web\/wp-json\/wp\/v2\/users\/2"}],"replies":[{"embeddable":true,"href":"https:\/\/kuali.com.mx\/web\/wp-json\/wp\/v2\/comments?post=100157"}],"version-history":[{"count":1,"href":"https:\/\/kuali.com.mx\/web\/wp-json\/wp\/v2\/posts\/100157\/revisions"}],"predecessor-version":[{"id":100163,"href":"https:\/\/kuali.com.mx\/web\/wp-json\/wp\/v2\/posts\/100157\/revisions\/100163"}],"wp:featuredmedia":[{"embeddable":true,"href":"https:\/\/kuali.com.mx\/web\/wp-json\/wp\/v2\/media\/41226"}],"wp:attachment":[{"href":"https:\/\/kuali.com.mx\/web\/wp-json\/wp\/v2\/media?parent=100157"}],"wp:term":[{"taxonomy":"category","embeddable":true,"href":"https:\/\/kuali.com.mx\/web\/wp-json\/wp\/v2\/categories?post=100157"},{"taxonomy":"post_tag","embeddable":true,"href":"https:\/\/kuali.com.mx\/web\/wp-json\/wp\/v2\/tags?post=100157"}],"curies":[{"name":"wp","href":"https:\/\/api.w.org\/{rel}","templated":true}]}}